{"id":975,"date":"2018-04-02T21:50:25","date_gmt":"2018-04-02T21:50:25","guid":{"rendered":"http:\/\/amicsdelcarme.com\/?p=975"},"modified":"2019-04-05T09:33:29","modified_gmt":"2019-04-05T09:33:29","slug":"sobre-nosotros","status":"publish","type":"post","link":"https:\/\/amicsdelcarme.com\/es\/sobre-nosotros\/","title":{"rendered":"Ciutat Vella un lloc per a viure i disfrutar la ciutat"},"content":{"rendered":"<h1>El barri, la ciutat que volem<\/h1>\n<p>50 anys despr\u00e9s de la \u201criua\u201d que va inundar Val\u00e8ncia, el barri del Carme, i amb ell la major part dels barris de Ciutat Vella, pareix seguir sumit en una lenta agonia mentre<img loading=\"lazy\" decoding=\"async\" class=\"size-medium wp-image-877 alignleft\" src=\"http:\/\/amicsdelcarme.com\/wp-content\/uploads\/2018\/02\/12833177463_c5a7f3f1bd_z-300x200.jpg\" alt=\"\" width=\"300\" height=\"200\" srcset=\"https:\/\/amicsdelcarme.com\/wp-content\/uploads\/2018\/02\/12833177463_c5a7f3f1bd_z-300x200.jpg 300w, https:\/\/amicsdelcarme.com\/wp-content\/uploads\/2018\/02\/12833177463_c5a7f3f1bd_z.jpg 640w\" sizes=\"auto, (max-width: 300px) 100vw, 300px\" \/>s la Val\u00e8ncia de Rita Barber\u00e1 somnia un moment hist\u00f2ric amb la seua mirada posada en el mar.<\/p>\n<p>\u00c9s molt lloable que els projectes de Norman Foster amb el Palau de Congressos, Santiago Calatrava i F\u00e9lix Candela amb la Ciutat de les Arts i les Ci\u00e8ncies, o Guillermo V\u00e1zquez Consuegra amb els nous jutjats i el MuVIM, hagen contribu\u00eft de forma decisiva a regenerar i donar una nova imatge a Val\u00e8ncia, com a ciutat que mira al futur, per\u00f2 no cal oblidar que una ciutat que oblida les seues arrels, el seu passat i la seua mem\u00f2ria hist\u00f2rica \u00e9s una ciutat que es constru\u00efx sobre el buit. De fet, \u00e9s significatiu que a pesar de comptar amb les destacades peces arquitect\u00f2niques ressenyades, tant la zona de la pista d&#8217;Adem\u00fas, com la zona de la desembocadura de l&#8217;antic llit del riu, denoten un urbanisme precipitat, animat pel puixant negoci immobiliari, per\u00f2 sense el pausat temps i assentament que requerix la configuraci\u00f3 d&#8217;una ciutat.<\/p>\n<p>I enmig de tot aix\u00f2, continua havent-hi una assignatura pendent a Val\u00e8ncia, la rehabilitaci\u00f3 integral del centre hist\u00f2ric. A pesar dels intents de plans de gran ambici\u00f3 com el RIVA \u00e9s una realitat que quasi tot est\u00e0 per fer, i pitjor encara, el nostre volgut govern municipal, amb la seua alcaldessa al cap, no t\u00e9 ni voluntat ni projecte per a adre\u00e7ar esta situaci\u00f3.<\/p>\n<p>Ho hem comprovat amb les reiterades manifestacions de ve\u00efns i comerciants que han recorregut els carrers reclamant una cosa tan b\u00e0sica i elemental com un pla de regulaci\u00f3 del tr\u00e0nsit que protegisca a residents i patrimoni hist\u00f2ric. Rita Barber\u00e1 ha preferit, una vegada mes, no donar-se per assabentada.<\/p>\n<p>Sense dir-ho obertament, pareix que els nostres governants locals hagen decidit que els ve\u00efns del Ciutat Vella siguem un mer decorat, o pitjor encara una esp\u00e8cie a extingir en detriment de l&#8217;explotaci\u00f3 comercial del centre de la ciutat: zona consagrada de copes i botellassa, immens garatge nocturn i di\u00fcrn, enmig d&#8217;un paisatge encara dominant de solars i cases abandonades.<\/p>\n<p>Els ve\u00efns de Ciutat Vella no neguem que les inversions de les Administracions p\u00fabliques i dels particulars han perm\u00e9s recuperar zones i edificis de Ciutat Vella, sin\u00f3 que all\u00f2 que s&#8217;ha realitzat \u00e9s, de totes totes, insuficient. El que afirmem \u00e9s que el ritme de deteriorament \u00e9s superior al de recuperaci\u00f3 en aspectes crucials per a la recuperaci\u00f3 i dinamitzaci\u00f3 de Ciutat Vella.<\/p>\n<p>I a\u00e7\u00f2 ens porta al que de veritat importa: la col\u00b7laboraci\u00f3 entre la Generalitat i l&#8217;Ajuntament continua sent, a hores d&#8217;ara, imprescindible. Per aix\u00f2 reclamem un nou acord entre ambdues institucions que regule les inversions i coordine les actuacions priorit\u00e0ries.<\/p>\n<p>Demanem un model participatiu de gesti\u00f3 urban\u00edstica en Ciutat Vella que permeta concloure d&#8217;una vegada per sempre les actuacions previstes i pendents al Carme, en la zona de Velluters compresa entre els carrers Guillem Sorolla i Hospital, al carrer Botelles-Carda del barri del Mercat, i en la resta d&#8217;unitats d&#8217;actuaci\u00f3 dependents de l&#8217;Ajuntament i de la Generalitat.<\/p>\n<p>El que diem \u00e9s que Ciutat Vella continua necessitant amb urg\u00e8ncia un Pla que la dignifique sense m\u00e9s dilacions. La riuada de 1957 va suposar el comen\u00e7ament de l&#8217;\u00e8xode de ve\u00efns de Ciutat Vella, el comen\u00e7ament de la seua degradaci\u00f3 i ja va sent hora que la ciutat pense en el seu cor, en els seus or\u00edgens i no sols per a al\u00e7ar mausoleus entorn de la catedral.<\/p>\n","protected":false},"excerpt":{"rendered":"<p>El barri, la ciutat que volem 50 anys despr\u00e9s de la \u201criua\u201d que va inundar Val\u00e8ncia, el barri del Carme, i amb ell la major part dels barris de Ciutat Vella, pareix seguir sumit en una lenta agonia mentres la Val\u00e8ncia de Rita Barber\u00e1 somnia un moment hist\u00f2ric amb la [&#8230;]<\/p>\n","protected":false},"author":1,"featured_media":949,"comment_status":"closed","ping_status":"open","sticky":false,"template":"","format":"standard","meta":{"_acf_changed":false,"footnotes":""},"categories":[38],"tags":[],"class_list":["post-975","post","type-post","status-publish","format-standard","has-post-thumbnail","hentry","category-urbanisme"],"acf":[],"_links":{"self":[{"href":"https:\/\/amicsdelcarme.com\/es\/wp-json\/wp\/v2\/posts\/975","targetHints":{"allow":["GET"]}}],"collection":[{"href":"https:\/\/amicsdelcarme.com\/es\/wp-json\/wp\/v2\/posts"}],"about":[{"href":"https:\/\/amicsdelcarme.com\/es\/wp-json\/wp\/v2\/types\/post"}],"author":[{"embeddable":true,"href":"https:\/\/amicsdelcarme.com\/es\/wp-json\/wp\/v2\/users\/1"}],"replies":[{"embeddable":true,"href":"https:\/\/amicsdelcarme.com\/es\/wp-json\/wp\/v2\/comments?post=975"}],"version-history":[{"count":5,"href":"https:\/\/amicsdelcarme.com\/es\/wp-json\/wp\/v2\/posts\/975\/revisions"}],"predecessor-version":[{"id":1919,"href":"https:\/\/amicsdelcarme.com\/es\/wp-json\/wp\/v2\/posts\/975\/revisions\/1919"}],"wp:featuredmedia":[{"embeddable":true,"href":"https:\/\/amicsdelcarme.com\/es\/wp-json\/wp\/v2\/media\/949"}],"wp:attachment":[{"href":"https:\/\/amicsdelcarme.com\/es\/wp-json\/wp\/v2\/media?parent=975"}],"wp:term":[{"taxonomy":"category","embeddable":true,"href":"https:\/\/amicsdelcarme.com\/es\/wp-json\/wp\/v2\/categories?post=975"},{"taxonomy":"post_tag","embeddable":true,"href":"https:\/\/amicsdelcarme.com\/es\/wp-json\/wp\/v2\/tags?post=975"}],"curies":[{"name":"wp","href":"https:\/\/api.w.org\/{rel}","templated":true}]}}