{"id":825,"date":"2018-04-06T09:13:58","date_gmt":"2018-04-06T09:13:58","guid":{"rendered":"http:\/\/amicsdelcarme.com\/?p=825"},"modified":"2019-10-24T15:25:04","modified_gmt":"2019-10-24T15:25:04","slug":"el-teu-barri-els-teus-records","status":"publish","type":"post","link":"https:\/\/amicsdelcarme.com\/es\/el-teu-barri-els-teus-records\/","title":{"rendered":"La Pla\u00e7a de Bruges, PORTA D\u2019ENTRADA a Ciutat Vella"},"content":{"rendered":"<p>Amb el t\u00edtol <strong><em>La Pla\u00e7a de Bruges, porta d&#8217;entrada a Ciutat Vella<\/em><\/strong>, en la presentaci\u00f3 dels projectes per a la intervenci\u00f3 a la pla\u00e7a de Bruges, <strong>Amics del Carme<\/strong> va llegir el manifest que pel seu inter\u00e8s reprodu\u00efm.<\/p>\n<p><strong>Seguim insistint<\/strong>: La interveci\u00f3n prevista a la parcel\u00b7la contigua a la <strong>pla\u00e7a de Bruges<\/strong> a m\u00e9s d&#8217;alterar la trama medieval, \u00e9s un pas m\u00e9s en la turistificaci\u00f3 de barri i encara som a temps de revisar el planejament<\/p>\n<p><!--more--><\/p>\n<hr>\n<p><img loading=\"lazy\" decoding=\"async\" class=\"alignright wp-image-1048 size-full\" src=\"http:\/\/amicsdelcarme.com\/wp-content\/uploads\/2018\/04\/brixes_b.png\" alt=\"\" width=\"331\" height=\"154\" srcset=\"https:\/\/amicsdelcarme.com\/wp-content\/uploads\/2018\/04\/brixes_b.png 331w, https:\/\/amicsdelcarme.com\/wp-content\/uploads\/2018\/04\/brixes_b-300x140.png 300w\" sizes=\"auto, (max-width: 331px) 100vw, 331px\" \/>En representaci\u00f3 d\u2019Amics del Carme i altres associacions c\u00edviques molt interessades per la preservaci\u00f3 del patrimoni hist\u00f2ric de tots<\/p>\n<p><strong>MANIFESTEM<\/strong> la nostra preocupaci\u00f3 y la de veus qualificades de professors, historiadors, arquitectes i urbanistes<a href=\"#_edn1\" name=\"_ednref1\">[i]<\/a> en preservar el paisatge urb\u00e0 del Centre Hist\u00f2ric front a les nombroses actuacions practicades per l\u2019Ajuntament i <strong>dirigides a<\/strong> <strong>destruir-lo<\/strong>, com \u00e9s ara el cas que ens ocupa, el de l\u2019entorn protegit de l\u2019esgl\u00e9sia de sant Joan del Mercat (que \u00e9s BIC).<\/p>\n<p>\u00c9s tamb\u00e9 ben sabut que 4 institucions consultives<a href=\"#_edn2\" name=\"_ednref2\">[ii]<\/a> de la Generalitat Valenciana en mat\u00e8ria de Patrimoni Cultural ja s\u2019han manifestat sobre la <u>regeneraci\u00f3 urbana<\/u> que ens ocupa i demanen la seua conservaci\u00f3 i respecte.<\/p>\n<p>L\u2019alcalde ja sap qu\u00e8 \u00e9s rebre una sent\u00e8ncia judicial que l\u2019obliga a revertir una actuaci\u00f3 qualificada com a <strong>espoliaci\u00f3 <\/strong>(Tabaquera). No volem que aix\u00f2 torne a passar ac\u00ed. Per aix\u00f2<u> advertim,<\/u> una vegada mes, que el planejament de la UE4, que confronta amb la pla\u00e7a de Bruges, ha vulnerat de forma reiterada la Llei 4\/1998 de Patrimoni Cultural Valenci\u00e0, que diu que <em>no es permetran modificacions d\u2019alineacions <\/em>en els Conjunts Hist\u00f2rics com \u00e9s Ciutat Vella.<\/p>\n<p>L\u2019actual ajuntament t\u00e9 ara l\u2019oportunitat de convertir Sant Joan del Mercat i els palaus dels Exarch en els HEROIS que salven la trama hist\u00f2rica de Val\u00e8ncia, i fer, del final de l\u2019avinguda de l\u2019Oest, una de les m\u00e9s dignes PORTES D\u2019ENTRADA a Ciutat Vella.<\/p>\n<p><strong>Qu\u00e8 proposem?<\/strong><\/p>\n<p>D\u2019una banda demanem que l\u2019ample del c\/ de la Boatella torne a ser la que tenia abans de l\u2019actuaci\u00f3 NO VALIDADA pels inspectors de patrimoni de la Conselleria de Cultura que la consideraven \u201cuna transformaci\u00f3 irreversible de la trama hist\u00f2rica en un punt patrimonialment molt sensible\u201d (sic).<\/p>\n<p>D\u2019una altra banda, que es revise de forma respectuosa i no destructiva la Unitat d\u2019Execuci\u00f3 n\u00ba 4 per 3 motius ben clars i senzills:<\/p>\n<ul>\n<li>Primer: la Conselleria de Cultura la va qualificar \u201cde modificaci\u00f3 de la trama urbana\u201d (textual). O siga, que incompleix la Llei de Patrimoni Cultural Valenci\u00e0.<\/li>\n<li>Segon: el Reglament de Planejament de la Comunitat Valenciana (decret 201\/1998) exigeix que <u>en Nuclis Hist\u00f2rics<\/u> els nous edificis<strong> harmonitzen amb la tipologia hist\u00f2rica<\/strong>, i el projecte aprovat de <u>la UE4 no ho compleix<\/u>. S\u2019incorpora un passatge de 2 altures, que \u00e9s una tipologia arquitect\u00f2nica impr\u00f2pia i incoherent que degrada l\u2019entorn per ser problem\u00e0tica i insalubre.<\/li>\n<li>&#8230;i tercer: aprovat el Pla Especial EBIC 06-07 l\u2019any 2013 calia la revisi\u00f3 del planejament vigent que Urbanisme no va fer i que ara hauria de reprendre.<\/li>\n<\/ul>\n<p>Recordem unes declaracions del Sr. Sarri\u00e0 publicades en gener de 2016: \u201cHemos recibido un centro hist\u00f3rico en un estado lamentable\u201d. Ho reafirmem. Per\u00f2 si a m\u00e9s prenen la raonable decisi\u00f3 de revisar la UE4 faran realitat una magn\u00edfica i admirable porta d\u2019entrada a Ciutat Vella i donarem un bon final a la avinguda del Oest.<\/p>\n<p>&nbsp;<\/p>\n<p><a href=\"#_ednref1\" name=\"_edn1\">[i]<\/a> Relaci\u00f3 d\u2019entitats firmants.<br \/>\nAssociaci\u00f3 de ve\u00efns de Velluters \u201cEl Palleter\u201d<br \/>\nGermania del barri del Mercat<br \/>\nAssociaci\u00f3 \u201cla Boatella\u201d<br \/>\nCoordinadora d\u2019Associacions de Ve\u00efns de Ciutat Vella<br \/>\nPlataforma de la Muralla<br \/>\nAssociaci\u00f3 de ve\u00efns del Barri del Carme<br \/>\nAssociaci\u00f3 Cultural Atzucac<br \/>\nAssociaci\u00f3 d\u2019Artesans Laborart<br \/>\nAssociaci\u00f3 de ve\u00efns afectats per la modificaci\u00f3 del PEPRI del barri del Carme<br \/>\nCercle per la Defensa del Patrimoni Hist\u00f2ric<br \/>\nSocietat Valencia d\u2019Hist\u00f2ria de l\u2019Art<br \/>\nAssociaci\u00f3 Cultural Constant\u00ed Llombart<\/p>\n<p><a href=\"#_ednref2\" name=\"_edn2\">[ii]<\/a> Relaci\u00f3 d\u2019institucions consultives<br \/>\nConsell Valenci\u00e0 de Cultura<br \/>\nReial Acad\u00e8mia de Belles Arts de sant Carles<br \/>\nUniversitat de Val\u00e8ncia<br \/>\nUniversitat Polit\u00e8cnica de Val\u00e8ncia<\/p>\n<p>&nbsp;<\/p>\n","protected":false},"excerpt":{"rendered":"<p>Amb el t\u00edtol La Pla\u00e7a de Bruges, porta d&#8217;entrada a Ciutat Vella, en la presentaci\u00f3 dels projectes per a la intervenci\u00f3 a la pla\u00e7a de Bruges, Amics del Carme va llegir el manifest que pel seu inter\u00e8s reprodu\u00efm.<\/p>\n<p>Seguim insistint: La interveci\u00f3n prevista a la parcel\u00b7la contigua a la pla\u00e7a de Bruges a m\u00e9s d&#8217;alterar la trama medieval, \u00e9s un pas m\u00e9s en la turistificaci\u00f3 de barri i encara som a temps de revisar el planejament<\/p>\n","protected":false},"author":1,"featured_media":1046,"comment_status":"closed","ping_status":"open","sticky":false,"template":"","format":"gallery","meta":{"_acf_changed":false,"footnotes":""},"categories":[42,38],"tags":[65],"class_list":["post-825","post","type-post","status-publish","format-gallery","has-post-thumbnail","hentry","category-el-barri","category-urbanisme","tag-pep-ciutat-vella","post_format-post-format-gallery"],"acf":[],"_links":{"self":[{"href":"https:\/\/amicsdelcarme.com\/es\/wp-json\/wp\/v2\/posts\/825","targetHints":{"allow":["GET"]}}],"collection":[{"href":"https:\/\/amicsdelcarme.com\/es\/wp-json\/wp\/v2\/posts"}],"about":[{"href":"https:\/\/amicsdelcarme.com\/es\/wp-json\/wp\/v2\/types\/post"}],"author":[{"embeddable":true,"href":"https:\/\/amicsdelcarme.com\/es\/wp-json\/wp\/v2\/users\/1"}],"replies":[{"embeddable":true,"href":"https:\/\/amicsdelcarme.com\/es\/wp-json\/wp\/v2\/comments?post=825"}],"version-history":[{"count":5,"href":"https:\/\/amicsdelcarme.com\/es\/wp-json\/wp\/v2\/posts\/825\/revisions"}],"predecessor-version":[{"id":3011,"href":"https:\/\/amicsdelcarme.com\/es\/wp-json\/wp\/v2\/posts\/825\/revisions\/3011"}],"wp:featuredmedia":[{"embeddable":true,"href":"https:\/\/amicsdelcarme.com\/es\/wp-json\/wp\/v2\/media\/1046"}],"wp:attachment":[{"href":"https:\/\/amicsdelcarme.com\/es\/wp-json\/wp\/v2\/media?parent=825"}],"wp:term":[{"taxonomy":"category","embeddable":true,"href":"https:\/\/amicsdelcarme.com\/es\/wp-json\/wp\/v2\/categories?post=825"},{"taxonomy":"post_tag","embeddable":true,"href":"https:\/\/amicsdelcarme.com\/es\/wp-json\/wp\/v2\/tags?post=825"}],"curies":[{"name":"wp","href":"https:\/\/api.w.org\/{rel}","templated":true}]}}