{"id":7450,"date":"2023-11-02T17:56:07","date_gmt":"2023-11-02T16:56:07","guid":{"rendered":"https:\/\/amicsdelcarme.com\/?p=7450"},"modified":"2023-11-13T19:51:07","modified_gmt":"2023-11-13T18:51:07","slug":"reunio-amb-el-regidor-de-contaminacio-acustica-i-neteja-carlos-mundina","status":"publish","type":"post","link":"https:\/\/amicsdelcarme.com\/es\/reunio-amb-el-regidor-de-contaminacio-acustica-i-neteja-carlos-mundina\/","title":{"rendered":"Reuni\u00f3 amb el regidor de contaminaci\u00f3 ac\u00fastica i neteja, Carlos Mundina"},"content":{"rendered":"\n<p><br>Al mes d&#8217;octubre, Amics del Carme s&#8217;ha reunit amb el regidor Carlos Mundina per tractar el tema de la ZAS. En aquesta ocasi\u00f3 exposarem l\u2019alerta roja davant la situaci\u00f3 d\u2019alguns ve\u00efns, que opten ja per mudar-se, desesperats per l\u2019augment d\u2019apartament tur\u00edstics, sorolls al carrer tota la nit i denunciarem la desaparici\u00f3 constant del comer\u00e7 de proximitat, en extinci\u00f3, i l&#8217;escassetat de vivenda residencial demanant-li:<\/p>\n<ul>\n<li>La reducci\u00f3 significativa de l\u2019ocupaci\u00f3 de l\u2019espai p\u00fablic (desbocada i sense tornar a la situaci\u00f3 anterior al COVID-19).<\/li>\n<li>El control de les mol\u00e8sties per aglomeracions des de poqueta nit fins a altes hores de la matinada.<\/li>\n<li>Actuar davant la insalubritat d\u2019algunes places i carrers com la de l\u2019Espart, Tossal, Negret o Sant Miquel, utilizades en moltes ocasions com a urinaris p\u00fablics.<\/li>\n<li>La no autoritzaci\u00f3 de passacarrers i esdeveniments musicals ambulants dins del per\u00edmetre ZAS.<\/li>\n<li>La caducitat d\u2019ofici, com marca la normativa, de les llic\u00e8ncies per part de l\u2019Ajuntament.<\/li>\n<li>La col\u00b7locaci\u00f3 de sonometres aprovada amb anterioritat al carrer Calatrava i la pla\u00e7a del Negret.<\/li>\n<\/ul>\n<p>Al finalitzar la reuni\u00f3 plantejarem la necessitat d\u2019una visita pel barri per a tractar un altre dels temes de la seua compet\u00e8ncia: la neteja. El regidor es va comprometre a realitzar la visita en les properes setmanes. Aix\u00ed com a convocar la \u201cMesa de seguiment de la ZAS\u201d que no es celebra des de novembre del 2022.<\/p>\n\n\n\n\n<div class=\"vlp-link-container vlp-layout-spotlight-b wp-block-visual-link-preview-link\"><a href=\"https:\/\/amicsdelcarme.com\/es\/la-turistificacion-que-no-cesa-y-la-zas-del-carme-que-no-se-cumple\/\" class=\"vlp-link\" title=\"La turistificaci\u00f3n que no cesa y la ZAS del Carme que no se cumple!\"><\/a><div class=\"vlp-layout-zone-side\"><div class=\"vlp-block-3 vlp-link-image\"><img loading=\"lazy\" decoding=\"async\" style=\"max-width: 750px;\" width=\"750\" height=\"400\" src=\"https:\/\/amicsdelcarme.com\/wp-content\/uploads\/2022\/11\/IMG_20220920_183636-750x400.jpg\" class=\"attachment-large size-large\" alt=\"\" \/><\/div><\/div><div class=\"vlp-layout-zone-main\"><div class=\"vlp-block-0 vlp-link-title\">La turistificaci\u00f3n que no cesa y la ZAS del Carme que no se cumple!<\/div><div class=\"vlp-block-1 vlp-link-summary\">Amics del Carme hemos solicitado la convocatoria de la Mesa de Seguimiento de la ZAS ante el incremento de los problemas relacionados con la turistificaci\u00f3n y la violencia en Ciutat Vella, pero especialmente en el Carmen y en los alrededores de la plaza del Tossal. Los incidentes en esta plaza son continuos, de dia y&hellip;<\/div><div class=\"vlp-block-2 vlp-link-button\">llegir +<\/div><\/div><\/div>\n\n<div class=\"vlp-link-container vlp-layout-spotlight-b wp-block-visual-link-preview-link\"><a href=\"https:\/\/amicsdelcarme.com\/es\/zas-al-carme-lajuntament-finalment-tramita-laprovacio-definitiva\/\" class=\"vlp-link\" title=\"ZAS al Carme: l\u2019Ajuntament finalment tramita l&#039;aprovaci\u00f3 definitiva\"><\/a><div class=\"vlp-layout-zone-side\"><div class=\"vlp-block-3 vlp-link-image\"><img loading=\"lazy\" decoding=\"async\" style=\"max-width: 567px;\" width=\"567\" height=\"279\" src=\"https:\/\/amicsdelcarme.com\/wp-content\/uploads\/2018\/06\/Ruiido.jpg\" class=\"attachment-large size-large\" alt=\"\" srcset=\"https:\/\/amicsdelcarme.com\/wp-content\/uploads\/2018\/06\/Ruiido.jpg 567w, https:\/\/amicsdelcarme.com\/wp-content\/uploads\/2018\/06\/Ruiido-300x148.jpg 300w, https:\/\/amicsdelcarme.com\/wp-content\/uploads\/2018\/06\/Ruiido-336x165.jpg 336w, https:\/\/amicsdelcarme.com\/wp-content\/uploads\/2018\/06\/Ruiido-567x279.jpg 1200w, https:\/\/amicsdelcarme.com\/wp-content\/uploads\/2018\/06\/Ruiido-528x260.jpg 528w\" sizes=\"auto, (max-width: 567px) 100vw, 567px\" \/><\/div><\/div><div class=\"vlp-layout-zone-main\"><div class=\"vlp-block-0 vlp-link-title\">ZAS al Carme: l\u2019Ajuntament finalment tramita l&#8217;aprovaci\u00f3 definitiva<\/div><div class=\"vlp-block-1 vlp-link-summary\">Limitaci\u00f3 de llic\u00e8ncies, d&#8217;horaris i d&#8217;ocupaci\u00f3 de l&#8217;espai p\u00fablic &#8230; Per fi l&#8217;Ajuntament \u00e9s coherent amb el que predica, recuperar Ciutat Vella per als seus ve\u00efns, fer-la habitable. Encara que durant els gaireb\u00e9 10 anys que ha trigat la seva tramitaci\u00f3 han aparegut nous i greus problemes com \u201cl\u2019hotelitzaci\u00f3\u00bb, estem satisfets. Aquest ser\u00e0 un gran&hellip;<\/div><div class=\"vlp-block-2 vlp-link-button\">llegir +<\/div><\/div><\/div>","protected":false},"excerpt":{"rendered":"<p>Al mes d&#8217;octubre, Amics del Carme s&#8217;ha reunit amb el regidor Carlos Mundina per tractar el tema de la ZAS. En aquesta ocasi\u00f3 exposarem l\u2019alerta roja davant la situaci\u00f3 d\u2019alguns ve\u00efns, que opten ja per mudar-se, desesperats per l\u2019augment d\u2019apartament tur\u00edstics, sorolls al carrer tota la nit i denunciarem la [&#8230;]<\/p>\n","protected":false},"author":5,"featured_media":7467,"comment_status":"open","ping_status":"open","sticky":false,"template":"","format":"standard","meta":{"_acf_changed":false,"footnotes":""},"categories":[39,42,43],"tags":[],"class_list":["post-7450","post","type-post","status-publish","format-standard","has-post-thumbnail","hentry","category-actualitat","category-el-barri","category-espai-public"],"acf":[],"_links":{"self":[{"href":"https:\/\/amicsdelcarme.com\/es\/wp-json\/wp\/v2\/posts\/7450","targetHints":{"allow":["GET"]}}],"collection":[{"href":"https:\/\/amicsdelcarme.com\/es\/wp-json\/wp\/v2\/posts"}],"about":[{"href":"https:\/\/amicsdelcarme.com\/es\/wp-json\/wp\/v2\/types\/post"}],"author":[{"embeddable":true,"href":"https:\/\/amicsdelcarme.com\/es\/wp-json\/wp\/v2\/users\/5"}],"replies":[{"embeddable":true,"href":"https:\/\/amicsdelcarme.com\/es\/wp-json\/wp\/v2\/comments?post=7450"}],"version-history":[{"count":5,"href":"https:\/\/amicsdelcarme.com\/es\/wp-json\/wp\/v2\/posts\/7450\/revisions"}],"predecessor-version":[{"id":7592,"href":"https:\/\/amicsdelcarme.com\/es\/wp-json\/wp\/v2\/posts\/7450\/revisions\/7592"}],"wp:featuredmedia":[{"embeddable":true,"href":"https:\/\/amicsdelcarme.com\/es\/wp-json\/wp\/v2\/media\/7467"}],"wp:attachment":[{"href":"https:\/\/amicsdelcarme.com\/es\/wp-json\/wp\/v2\/media?parent=7450"}],"wp:term":[{"taxonomy":"category","embeddable":true,"href":"https:\/\/amicsdelcarme.com\/es\/wp-json\/wp\/v2\/categories?post=7450"},{"taxonomy":"post_tag","embeddable":true,"href":"https:\/\/amicsdelcarme.com\/es\/wp-json\/wp\/v2\/tags?post=7450"}],"curies":[{"name":"wp","href":"https:\/\/api.w.org\/{rel}","templated":true}]}}