{"id":7140,"date":"2023-02-24T12:19:41","date_gmt":"2023-02-24T11:19:41","guid":{"rendered":"https:\/\/amicsdelcarme.com\/?p=7140"},"modified":"2023-02-24T12:20:59","modified_gmt":"2023-02-24T11:20:59","slug":"llei-mordassa-a-les-denuncies-per-soroll","status":"publish","type":"post","link":"https:\/\/amicsdelcarme.com\/es\/llei-mordassa-a-les-denuncies-per-soroll\/","title":{"rendered":"Llei mordassa a les den\u00fancies pel soroll"},"content":{"rendered":"\n<div class=\"x11i5rnm xat24cr x1mh8g0r x1vvkbs xdj266r x126k92a\">\n<div dir=\"auto\"><br>La Ciutat de Val\u00e8ncia pateix un evident problema de gentrificaci\u00f3. Reuneix tots els s\u00edmptomes i el de la manca d\u2019habitatge i la precaritzaci\u00f3 de l\u2019allotjament residencial \u00e9s el m\u00e9s evident i sagnant.<\/div>\n<\/div>\n<div dir=\"auto\">&nbsp;<\/div>\n<div dir=\"auto\">Mentre en alguns pa\u00efsos estan posant topalls i prohibicions al tsunami que recorre Europa, aqu\u00ed seguim amb la bena als ulls. Repetint-nos complaguts el mantra que tenim una de les normatives m\u00e9s restrictives per als apartaments tur\u00edstics, una normativa que compleix menys del 25% de l&#8217;oferta.<\/div>\n<div dir=\"auto\">&nbsp;<\/div>\n<div dir=\"auto\">I ara, una ordenan\u00e7a que desarma el ve\u00efnat davant del soroll de l&#8217;oci.<\/div>\n<div dir=\"auto\">&nbsp;<\/div>\n<div dir=\"auto\">Davant la inactivitat (o incapacitat) municipal, al ve\u00efnat, sempre li quedava el recurs d&#8217;iniciar el procediment d&#8217;una declaraci\u00f3 ZAS que redu\u00eds l&#8217;activitat fins a recuperar els \u00edndexs de normalitat. A partir d&#8217;ara aquest procediment ser\u00e0 m\u00e9s complex i molt m\u00e9s car.<\/div>\n\n\n<div class=\"vlp-link-container vlp-layout-spotlight-b wp-block-visual-link-preview-link\"><a href=\"https:\/\/www.eldiario.es\/comunitat-valenciana\/opinion\/ayuntamiento-valencia-aprueba-ley-mordaza-ruido_129_9967665.html\" class=\"vlp-link\" title=\"El Ayuntamiento de Val\u00e8ncia aprueba la \u201cley mordaza\u201d del ruido\" rel=\"nofollow\" target=\"_blank\"><\/a><div class=\"vlp-layout-zone-side\"><div class=\"vlp-block-3 vlp-link-image\"><img decoding=\"async\" src=\"https:\/\/www.eldiario.es\/assets\/img\/logos\/eldiario-default.png?id=f380e6cc40790adf89a5\" style=\"max-width: 750px; max-height: 750px\" \/><\/div><\/div><div class=\"vlp-layout-zone-main\"><div class=\"vlp-block-0 vlp-link-title\">El Ayuntamiento de Val\u00e8ncia aprueba la \u201cley mordaza\u201d del ruido<\/div><div class=\"vlp-block-1 vlp-link-summary\">Los residentes m\u00e1s indefensos frente a las molestias del ruido del ocio con la nueva ordenanza d contaminaci\u00f3n ac\u00fastica<\/div><div class=\"vlp-block-2 vlp-link-button\">llegir +<\/div><\/div><\/div>","protected":false},"excerpt":{"rendered":"<p>La Ciutat de Val\u00e8ncia pateix un evident problema de gentrificaci\u00f3. Reuneix tots els s\u00edmptomes i el de la manca d\u2019habitatge i la precaritzaci\u00f3 de l\u2019allotjament residencial \u00e9s el m\u00e9s evident i sagnant. &nbsp; Mentre en alguns pa\u00efsos estan posant topalls i prohibicions al tsunami que recorre Europa, aqu\u00ed seguim amb [&#8230;]<\/p>\n","protected":false},"author":3,"featured_media":7141,"comment_status":"open","ping_status":"open","sticky":false,"template":"","format":"standard","meta":{"_acf_changed":false,"footnotes":""},"categories":[39,43],"tags":[],"class_list":["post-7140","post","type-post","status-publish","format-standard","has-post-thumbnail","hentry","category-actualitat","category-espai-public"],"acf":[],"_links":{"self":[{"href":"https:\/\/amicsdelcarme.com\/es\/wp-json\/wp\/v2\/posts\/7140","targetHints":{"allow":["GET"]}}],"collection":[{"href":"https:\/\/amicsdelcarme.com\/es\/wp-json\/wp\/v2\/posts"}],"about":[{"href":"https:\/\/amicsdelcarme.com\/es\/wp-json\/wp\/v2\/types\/post"}],"author":[{"embeddable":true,"href":"https:\/\/amicsdelcarme.com\/es\/wp-json\/wp\/v2\/users\/3"}],"replies":[{"embeddable":true,"href":"https:\/\/amicsdelcarme.com\/es\/wp-json\/wp\/v2\/comments?post=7140"}],"version-history":[{"count":5,"href":"https:\/\/amicsdelcarme.com\/es\/wp-json\/wp\/v2\/posts\/7140\/revisions"}],"predecessor-version":[{"id":7150,"href":"https:\/\/amicsdelcarme.com\/es\/wp-json\/wp\/v2\/posts\/7140\/revisions\/7150"}],"wp:featuredmedia":[{"embeddable":true,"href":"https:\/\/amicsdelcarme.com\/es\/wp-json\/wp\/v2\/media\/7141"}],"wp:attachment":[{"href":"https:\/\/amicsdelcarme.com\/es\/wp-json\/wp\/v2\/media?parent=7140"}],"wp:term":[{"taxonomy":"category","embeddable":true,"href":"https:\/\/amicsdelcarme.com\/es\/wp-json\/wp\/v2\/categories?post=7140"},{"taxonomy":"post_tag","embeddable":true,"href":"https:\/\/amicsdelcarme.com\/es\/wp-json\/wp\/v2\/tags?post=7140"}],"curies":[{"name":"wp","href":"https:\/\/api.w.org\/{rel}","templated":true}]}}