{"id":6814,"date":"2022-11-25T15:47:35","date_gmt":"2022-11-25T14:47:35","guid":{"rendered":"https:\/\/amicsdelcarme.com\/?p=6814"},"modified":"2022-11-25T15:52:06","modified_gmt":"2022-11-25T14:52:06","slug":"un-any-despres-seguim-preguntant-a-urbanisme-per-aquest-edifici-de-dr-collado","status":"publish","type":"post","link":"https:\/\/amicsdelcarme.com\/es\/un-any-despres-seguim-preguntant-a-urbanisme-per-aquest-edifici-de-dr-collado\/","title":{"rendered":"Un any despr\u00e9s seguim preguntant a urbanisme per aquest edifici de Dr. Collado"},"content":{"rendered":"\n<p><br>Aviat far\u00e0 un any que Amics del Carme va sol\u00b7licitar al Servei d&#8217;Urbanisme la represa dels treballs de restauraci\u00f3 i informaci\u00f3 sobre les gestions administratives pendents per a la finalitzaci\u00f3 de les obres<\/p>\n<p>En complir-se l&#8217;any i sense resposta per part seua reiterem el nostre inter\u00e8s<\/p>\n<table style=\"border-collapse: collapse; width: 100%;\">\n<tbody>\n<tr>\n<td style=\"width: 50%;\"><img loading=\"lazy\" decoding=\"async\" class=\"aligncenter wp-image-6821 size-full\" src=\"https:\/\/amicsdelcarme.com\/wp-content\/uploads\/2022\/11\/5628401_del-Collado_3.jpg\" alt=\"\" width=\"1200\" height=\"1600\" srcset=\"https:\/\/amicsdelcarme.com\/wp-content\/uploads\/2022\/11\/5628401_del-Collado_3.jpg 1200w, https:\/\/amicsdelcarme.com\/wp-content\/uploads\/2022\/11\/5628401_del-Collado_3-225x300.jpg 225w, https:\/\/amicsdelcarme.com\/wp-content\/uploads\/2022\/11\/5628401_del-Collado_3-768x1024.jpg 768w, https:\/\/amicsdelcarme.com\/wp-content\/uploads\/2022\/11\/5628401_del-Collado_3-1152x1536.jpg 1152w\" sizes=\"auto, (max-width: 1200px) 100vw, 1200px\" \/><\/td>\n<td style=\"width: 50%;\"><img loading=\"lazy\" decoding=\"async\" class=\"alignnone wp-image-6817 size-full\" src=\"https:\/\/amicsdelcarme.com\/wp-content\/uploads\/2022\/11\/5628402_del-Collado_2-1-rotated.jpg\" alt=\"\" width=\"1200\" height=\"1600\" srcset=\"https:\/\/amicsdelcarme.com\/wp-content\/uploads\/2022\/11\/5628402_del-Collado_2-1-rotated.jpg 1200w, https:\/\/amicsdelcarme.com\/wp-content\/uploads\/2022\/11\/5628402_del-Collado_2-1-225x300.jpg 225w, https:\/\/amicsdelcarme.com\/wp-content\/uploads\/2022\/11\/5628402_del-Collado_2-1-768x1024.jpg 768w, https:\/\/amicsdelcarme.com\/wp-content\/uploads\/2022\/11\/5628402_del-Collado_2-1-1152x1536.jpg 1152w\" sizes=\"auto, (max-width: 1200px) 100vw, 1200px\" \/><\/td>\n<\/tr>\n<\/tbody>\n<\/table>\n<div class=\"vlp-link-container vlp-layout-spotlight-b\"><a href=\"https:\/\/amicsdelcarme.com\/es\/lurbanisme-de-ciutat-vella-en-estat-dalarma-1\/\" class=\"vlp-link\" title=\"Les ru\u00efnes de la Llonja\"><\/a><div class=\"vlp-layout-zone-side\"><div class=\"vlp-block-3 vlp-link-image\"><img loading=\"lazy\" decoding=\"async\" style=\"max-width: 750px;\" width=\"750\" height=\"400\" src=\"https:\/\/amicsdelcarme.com\/wp-content\/uploads\/2021\/12\/IMG_20211130_133040-750x400.jpg\" class=\"attachment-large size-large\" alt=\"\" \/><\/div><\/div><div class=\"vlp-layout-zone-main\"><div class=\"vlp-block-0 vlp-link-title\">Les ru\u00efnes de la Llonja<\/div><div class=\"vlp-block-1 vlp-link-summary\">Considerem que no \u00e9s acceptable que, despr\u00e9s de tants anys (decades), edificis de l\u2019entorn de la Llonja continuen en eixe estat de degradaci\u00f3 i que \u00e9s urgent la represa de les obres.<br \/>\n<br \/>\n<br \/>\nEs per aix\u00f2 que hem demanat a l\u2019Area d\u2019Urbanisme que dirigeix Sandra G\u00f2mez, la represa dels treballs de restauraci\u00f3 iniciats i, sembla, que oblidats.<\/div><div class=\"vlp-block-2 vlp-link-button\">llegir +<\/div><\/div><\/div>\n","protected":false},"excerpt":{"rendered":"<p>Aviat far\u00e0 un any que Amics del Carme va sol\u00b7licitar al Servei d&#8217;Urbanisme la represa dels treballs de restauraci\u00f3 i informaci\u00f3 sobre les gestions administratives pendents per a la finalitzaci\u00f3 de les obres En complir-se l&#8217;any i sense resposta per part seua reiterem el nostre inter\u00e8s<\/p>\n","protected":false},"author":3,"featured_media":6819,"comment_status":"open","ping_status":"open","sticky":false,"template":"","format":"standard","meta":{"_acf_changed":false,"footnotes":""},"categories":[39,38],"tags":[],"class_list":["post-6814","post","type-post","status-publish","format-standard","has-post-thumbnail","hentry","category-actualitat","category-urbanisme"],"acf":[],"_links":{"self":[{"href":"https:\/\/amicsdelcarme.com\/es\/wp-json\/wp\/v2\/posts\/6814","targetHints":{"allow":["GET"]}}],"collection":[{"href":"https:\/\/amicsdelcarme.com\/es\/wp-json\/wp\/v2\/posts"}],"about":[{"href":"https:\/\/amicsdelcarme.com\/es\/wp-json\/wp\/v2\/types\/post"}],"author":[{"embeddable":true,"href":"https:\/\/amicsdelcarme.com\/es\/wp-json\/wp\/v2\/users\/3"}],"replies":[{"embeddable":true,"href":"https:\/\/amicsdelcarme.com\/es\/wp-json\/wp\/v2\/comments?post=6814"}],"version-history":[{"count":5,"href":"https:\/\/amicsdelcarme.com\/es\/wp-json\/wp\/v2\/posts\/6814\/revisions"}],"predecessor-version":[{"id":6828,"href":"https:\/\/amicsdelcarme.com\/es\/wp-json\/wp\/v2\/posts\/6814\/revisions\/6828"}],"wp:featuredmedia":[{"embeddable":true,"href":"https:\/\/amicsdelcarme.com\/es\/wp-json\/wp\/v2\/media\/6819"}],"wp:attachment":[{"href":"https:\/\/amicsdelcarme.com\/es\/wp-json\/wp\/v2\/media?parent=6814"}],"wp:term":[{"taxonomy":"category","embeddable":true,"href":"https:\/\/amicsdelcarme.com\/es\/wp-json\/wp\/v2\/categories?post=6814"},{"taxonomy":"post_tag","embeddable":true,"href":"https:\/\/amicsdelcarme.com\/es\/wp-json\/wp\/v2\/tags?post=6814"}],"curies":[{"name":"wp","href":"https:\/\/api.w.org\/{rel}","templated":true}]}}