{"id":6807,"date":"2022-11-25T17:18:18","date_gmt":"2022-11-25T16:18:18","guid":{"rendered":"https:\/\/amicsdelcarme.com\/?p=6807"},"modified":"2022-12-09T16:59:39","modified_gmt":"2022-12-09T15:59:39","slug":"la-turistificacion-que-no-cesa-y-la-zas-del-carme-que-no-se-cumple","status":"publish","type":"post","link":"https:\/\/amicsdelcarme.com\/es\/la-turistificacion-que-no-cesa-y-la-zas-del-carme-que-no-se-cumple\/","title":{"rendered":"La turistificaci\u00f3n que no cesa y la ZAS del Carme que no se cumple!"},"content":{"rendered":"\n<p><br><strong>Amics del Carme hemos solicitado la convocatoria de la Mesa de Seguimiento de la ZAS ante el incremento de los problemas relacionados con la turistificaci\u00f3n y la violencia en Ciutat Vella, pero especialmente en el Carmen y en los alrededores de la plaza del Tossal.<\/strong><\/p>\n<p>Los incidentes en esta plaza son continuos, de dia y de noche, y en buena medida alimentados para la saturaci\u00f3n de mesas y sillas que se consiente desde el Ayuntamiento. Zonas antes pacificadas vuelven a tener problemas de ruido como la plaza de Vicente Iborra, los horario de cierre o de recogida de terrazas son, de nuevo, ampliamente incumplidos.<\/p>\n<p>A este problema se une el hecho de que el servicio de actividades no tramita las caducidades ni pone orden en el desbarajuste de licencias.<\/p>\n<p>El principio fundamental de la ZAS es limitar y reducir la actividad de la hostelar\u00eda como principal medida anti ruido, pero este ayuntamiento, al igual que hac\u00eda antes el PP, se desentiende de sus responsabilidades con las excusas mas peregrinas.<\/p>\n\n\n<div class=\"vlp-link-container vlp-layout-spotlight-b wp-block-visual-link-preview-link\"><a href=\"https:\/\/www.levante-emv.com\/valencia\/2022\/12\/08\/queman-contenedores-zona-carmen-agredieron-79708198.html\" class=\"vlp-link\" title=\"Queman dos contenedores en la zona del Carmen donde agredieron a los falleros\" rel=\"nofollow\" target=\"_blank\"><\/a><div class=\"vlp-layout-zone-side\"><div class=\"vlp-block-3 vlp-link-image\"><img decoding=\"async\" src=\"https:\/\/estaticos-cdn.prensaiberica.es\/clip\/e98f7a51-61d3-41f3-af7e-729165f6ece9_16-9-aspect-ratio_default_0.jpg\" style=\"max-width: 750px; max-height: 750px\" \/><\/div><\/div><div class=\"vlp-layout-zone-main\"><div class=\"vlp-block-0 vlp-link-title\">Queman dos contenedores en la zona del Carmen donde agredieron a los falleros<\/div><div class=\"vlp-block-1 vlp-link-summary\">Los vecinos denuncian el incivismo y la inseguridad ciudadana en el barrio<\/div><div class=\"vlp-block-2 vlp-link-button\">llegir +<\/div><\/div><\/div>\n\n<div class=\"vlp-link-container vlp-layout-spotlight-b wp-block-visual-link-preview-link\"><a href=\"https:\/\/www.levante-emv.com\/valencia\/2022\/11\/22\/apartamentos-turisticos-reducen-18-oferta-78920911.html\" class=\"vlp-link\" title=\"Los apartamentos tur\u00edsticos reducen hasta un 18% la oferta de viviendas de alquiler de Ciutat Vella\" rel=\"nofollow\" target=\"_blank\"><\/a><div class=\"vlp-layout-zone-side\"><div class=\"vlp-block-3 vlp-link-image\"><img decoding=\"async\" src=\"https:\/\/estaticos-cdn.prensaiberica.es\/clip\/b6627818-0ef6-4fee-861b-624a8288f5a5_16-9-aspect-ratio_default_0.jpg\" style=\"max-width: 750px; max-height: 750px\" \/><\/div><\/div><div class=\"vlp-layout-zone-main\"><div class=\"vlp-block-0 vlp-link-title\">Los apartamentos tur\u00edsticos reducen hasta un 18% la oferta de viviendas de alquiler de Ciutat Vella<\/div><div class=\"vlp-block-1 vlp-link-summary\">Exceltur apoya la gesti\u00f3n del Ayuntamiento de Val\u00e8ncia que limita por la v\u00eda del planeamiento urban\u00edstico la actividad de las VUT<\/div><div class=\"vlp-block-2 vlp-link-button\">llegir +<\/div><\/div><\/div>\n\n<div class=\"vlp-link-container vlp-layout-spotlight-b wp-block-visual-link-preview-link\"><a href=\"https:\/\/www.lasprovincias.es\/sucesos\/detenidos-apunalar-cara-suceso-valencia-20221122112807-nt.html\" class=\"vlp-link\" title=\"Apu\u00f1alan en la cara con botellas rotas y un cuchillo a un joven\" rel=\"nofollow\" target=\"_blank\"><\/a><div class=\"vlp-layout-zone-side\"><div class=\"vlp-block-3 vlp-link-image\"><img decoding=\"async\" src=\"https:\/\/static.lasprovincias.es\/www\/multimedia\/202211\/22\/media\/cortadas\/coche%20poli-U1203135356105iB-U68478341164gah-984x468@Las%20Provincias-LasProvincias.jpg\" style=\"max-width: 750px; max-height: 750px\" \/><\/div><\/div><div class=\"vlp-layout-zone-main\"><div class=\"vlp-block-0 vlp-link-title\">Apu\u00f1alan en la cara con botellas rotas y un cuchillo a un joven<\/div><div class=\"vlp-block-1 vlp-link-summary\">La pelea se produjo en la Plaza del Tossal y el herido se encuentra en el hospital La Fe para que le intervenga el cirujano pl\u00e1stico<\/div><div class=\"vlp-block-2 vlp-link-button\">llegir +<\/div><\/div><\/div>\n\n<div class=\"vlp-link-container vlp-layout-spotlight-b wp-block-visual-link-preview-link\"><a href=\"https:\/\/valenciaplaza.com\/gomez-plantea-quitar-maximo-60-dias-ano-alquilar-pisos-turisticos-ciutat-vella\" class=\"vlp-link\" title=\"G\u00f3mez plantea quitar el m\u00e1ximo de 60 d\u00edas al a\u00f1o para alquilar pisos tur\u00edsticos en Ciutat Vella\" rel=\"nofollow\" target=\"_blank\"><\/a><div class=\"vlp-layout-zone-side\"><div class=\"vlp-block-3 vlp-link-image\"><img decoding=\"async\" src=\"https:\/\/valenciaplaza.com\/public\/Image\/socialThumb\/16691185214431660.png\" style=\"max-width: 750px; max-height: 750px\" \/><\/div><\/div><div class=\"vlp-layout-zone-main\"><div class=\"vlp-block-0 vlp-link-title\">G\u00f3mez plantea quitar el m\u00e1ximo de 60 d\u00edas al a\u00f1o para alquilar pisos tur\u00edsticos en Ciutat Vella<\/div><div class=\"vlp-block-1 vlp-link-summary\">Propone recurrir parte de la sentencia del TSJCV para que se mantenga la distancia de 150 metros entre bloques enteros de apartamentos<\/div><div class=\"vlp-block-2 vlp-link-button\">llegir +<\/div><\/div><\/div>","protected":false},"excerpt":{"rendered":"<p>Amics del Carme hemos solicitado la convocatoria de la Mesa de Seguimiento de la ZAS ante el incremento de los problemas relacionados con la turistificaci\u00f3n y la violencia en Ciutat Vella, pero especialmente en el Carmen y en los alrededores de la plaza del Tossal. Los incidentes en esta plaza [&#8230;]<\/p>\n","protected":false},"author":3,"featured_media":6862,"comment_status":"open","ping_status":"open","sticky":false,"template":"","format":"standard","meta":{"_acf_changed":false,"footnotes":""},"categories":[39,43,38],"tags":[],"class_list":["post-6807","post","type-post","status-publish","format-standard","has-post-thumbnail","hentry","category-actualitat","category-espai-public","category-urbanisme"],"acf":[],"_links":{"self":[{"href":"https:\/\/amicsdelcarme.com\/es\/wp-json\/wp\/v2\/posts\/6807","targetHints":{"allow":["GET"]}}],"collection":[{"href":"https:\/\/amicsdelcarme.com\/es\/wp-json\/wp\/v2\/posts"}],"about":[{"href":"https:\/\/amicsdelcarme.com\/es\/wp-json\/wp\/v2\/types\/post"}],"author":[{"embeddable":true,"href":"https:\/\/amicsdelcarme.com\/es\/wp-json\/wp\/v2\/users\/3"}],"replies":[{"embeddable":true,"href":"https:\/\/amicsdelcarme.com\/es\/wp-json\/wp\/v2\/comments?post=6807"}],"version-history":[{"count":5,"href":"https:\/\/amicsdelcarme.com\/es\/wp-json\/wp\/v2\/posts\/6807\/revisions"}],"predecessor-version":[{"id":6911,"href":"https:\/\/amicsdelcarme.com\/es\/wp-json\/wp\/v2\/posts\/6807\/revisions\/6911"}],"wp:featuredmedia":[{"embeddable":true,"href":"https:\/\/amicsdelcarme.com\/es\/wp-json\/wp\/v2\/media\/6862"}],"wp:attachment":[{"href":"https:\/\/amicsdelcarme.com\/es\/wp-json\/wp\/v2\/media?parent=6807"}],"wp:term":[{"taxonomy":"category","embeddable":true,"href":"https:\/\/amicsdelcarme.com\/es\/wp-json\/wp\/v2\/categories?post=6807"},{"taxonomy":"post_tag","embeddable":true,"href":"https:\/\/amicsdelcarme.com\/es\/wp-json\/wp\/v2\/tags?post=6807"}],"curies":[{"name":"wp","href":"https:\/\/api.w.org\/{rel}","templated":true}]}}