{"id":6784,"date":"2022-11-25T17:29:00","date_gmt":"2022-11-25T16:29:00","guid":{"rendered":"https:\/\/amicsdelcarme.com\/?p=6784"},"modified":"2022-11-25T20:42:33","modified_gmt":"2022-11-25T19:42:33","slug":"un-lloc-per-quedar-se-en-ciutat-vella-es-presenta-el-disseny-guanyador-per-formar-part-de-la-via-publica","status":"publish","type":"post","link":"https:\/\/amicsdelcarme.com\/es\/un-lloc-per-quedar-se-en-ciutat-vella-es-presenta-el-disseny-guanyador-per-formar-part-de-la-via-publica\/","title":{"rendered":"Un lloc per quedar-se en Ciutat Vella: Es presenta el disseny guanyador per formar part de la via p\u00fablica."},"content":{"rendered":"\n<p><br>Hu\u00ed divendres 25 de novembre i amb el lema Enlla\u00e7os, s&#8217;ha presentat el disseny guanyador del projecte de col\u00b7laboraci\u00f3 entre entitats ve\u00efnals, educatives i municipals.La proposta guanyadora ha estat la de l&#8217;alumna de l&#8217;EADS de Val\u00e8ncia Claudia Ca\u00f1as Mejuto.<\/p>\n<p><img loading=\"lazy\" decoding=\"async\" class=\"alignnone wp-image-6836 size-full\" src=\"https:\/\/amicsdelcarme.com\/wp-content\/uploads\/2022\/11\/IMG_20221125_132151.jpg\" alt=\"\" width=\"2052\" height=\"1026\" srcset=\"https:\/\/amicsdelcarme.com\/wp-content\/uploads\/2022\/11\/IMG_20221125_132151.jpg 2052w, https:\/\/amicsdelcarme.com\/wp-content\/uploads\/2022\/11\/IMG_20221125_132151-300x150.jpg 300w, https:\/\/amicsdelcarme.com\/wp-content\/uploads\/2022\/11\/IMG_20221125_132151-768x384.jpg 768w, https:\/\/amicsdelcarme.com\/wp-content\/uploads\/2022\/11\/IMG_20221125_132151-1536x768.jpg 1536w, https:\/\/amicsdelcarme.com\/wp-content\/uploads\/2022\/11\/IMG_20221125_132151-2048x1024.jpg 2048w\" sizes=\"auto, (max-width: 2052px) 100vw, 2052px\" \/><\/p>\n<p>Sota l\u2019auspici de la Junta Municipal de Ciutat Vella donem el pas definitiu per a la instal\u00b7laci\u00f3 en l\u2019espai p\u00fablic del barri de la Xerea del projecte que va quedar guanyador en el proc\u00e9s de selecci\u00f3 previ que va tindre lloc en el CCCC del barri del Carme el passat 1 de juliol.<\/p>\n<p>El banc estar\u00e0 a la pla\u00e7a del Patriarca durant els propers 3 mesos i despr\u00e9s proposarem una ubicaci\u00f3 definitiva a urbanisme<\/p>\n<p>En el jurat hi van participar l\u2019Ajuntament de Val\u00e8ncia a trav\u00e9s de la regidora d\u2019Espai P\u00fablic Luc\u00eda Beamud, l\u2019Escola d\u2019Art i Superior de Disseny de Val\u00e8ncia amb la seua directora Rosa Esteban, l\u2019especialitat d\u2019Interiors de l\u2019EASDV amb la seua coordinadora Mar\u00eda Melgarejo, l\u2019associaci\u00f3 veinal Amics del Carme amb el seu president Llu\u00eds Mira, el Col\u00b7legi de Dissenyadors d\u2019Interior de la Comunitat Valenciana amb el seu vicedeg\u00e0 Fran Sabater i l\u2019arquitecte parametrista Salva Serrano.<\/p>\n<p>El proc\u00e9s de coordinaci\u00f3 tant institucional i de l\u2019alumnat que hi ha participat ha estat a c\u00e0rrec del professorat de l\u2019EASDV: Llu\u00eds Mira i Borderia, professor d\u2019Hist\u00f2ria i Teoria del Disseny, i Sergio Ferrero Gil, professor de Disseny d\u2019Interiors.<\/p>\n<p><img loading=\"lazy\" decoding=\"async\" class=\"alignnone wp-image-6785 size-full\" src=\"https:\/\/amicsdelcarme.com\/wp-content\/uploads\/2022\/11\/Enlla\u00e7os.-Claudia-Ca\u00f1as-.png\" alt=\"\" width=\"2800\" height=\"1258\" srcset=\"https:\/\/amicsdelcarme.com\/wp-content\/uploads\/2022\/11\/Enlla\u00e7os.-Claudia-Ca\u00f1as-.png 2800w, https:\/\/amicsdelcarme.com\/wp-content\/uploads\/2022\/11\/Enlla\u00e7os.-Claudia-Ca\u00f1as--300x135.png 300w, https:\/\/amicsdelcarme.com\/wp-content\/uploads\/2022\/11\/Enlla\u00e7os.-Claudia-Ca\u00f1as--768x345.png 768w, https:\/\/amicsdelcarme.com\/wp-content\/uploads\/2022\/11\/Enlla\u00e7os.-Claudia-Ca\u00f1as--1536x690.png 1536w, https:\/\/amicsdelcarme.com\/wp-content\/uploads\/2022\/11\/Enlla\u00e7os.-Claudia-Ca\u00f1as--2048x920.png 2048w\" sizes=\"auto, (max-width: 2800px) 100vw, 2800px\" \/><\/p>\n<p>El projecte va sorgir per iniciativa ve\u00efnal, amb Amics de Velluters i Amics del Carme amb vistes a dinamitzar l\u2019espai p\u00fablic sense finalitats comercials ni lucratives sin\u00f3 socials i col\u00b7laboratives. En un primer pas es va fer una exposici\u00f3 dels projectes participants en el Centre de Cultura Contempor\u00e0nia del Carme CCCC inaugurada l\u20191 de juliol fins el 4 de setembre de 2022.<br>Ara es presenta el resultat final: mobiliari urb\u00e0 dissenyat per Claudia Ca\u00f1as, alumna de l\u2019EASDV en el barri de la Xerea que estar\u00e0 disponible per al ve\u00efnat durant uns mesos.<img loading=\"lazy\" decoding=\"async\" class=\"alignleft wp-image-6787 size-full\" src=\"https:\/\/amicsdelcarme.com\/wp-content\/uploads\/2022\/11\/Enlla\u00e7os.-Claudia-Ca\u00f1as.png\" alt=\"\" width=\"2174\" height=\"1784\" srcset=\"https:\/\/amicsdelcarme.com\/wp-content\/uploads\/2022\/11\/Enlla\u00e7os.-Claudia-Ca\u00f1as.png 2174w, https:\/\/amicsdelcarme.com\/wp-content\/uploads\/2022\/11\/Enlla\u00e7os.-Claudia-Ca\u00f1as-300x246.png 300w, https:\/\/amicsdelcarme.com\/wp-content\/uploads\/2022\/11\/Enlla\u00e7os.-Claudia-Ca\u00f1as-70x56.png 70w, https:\/\/amicsdelcarme.com\/wp-content\/uploads\/2022\/11\/Enlla\u00e7os.-Claudia-Ca\u00f1as-768x630.png 768w, https:\/\/amicsdelcarme.com\/wp-content\/uploads\/2022\/11\/Enlla\u00e7os.-Claudia-Ca\u00f1as-1536x1260.png 1536w, https:\/\/amicsdelcarme.com\/wp-content\/uploads\/2022\/11\/Enlla\u00e7os.-Claudia-Ca\u00f1as-2048x1681.png 2048w\" sizes=\"auto, (max-width: 2174px) 100vw, 2174px\" \/><\/p>\n<p>\u00c9s el resultat d\u2019un quadrimestre acad\u00e8mic molt intens, de treball entre l\u2019alumnat i el professorat de l\u2019Escola d\u2019Art i Superior de Disseny de Val\u00e8ncia. Dels 8 projectes participants se n\u2019ha escollit un per dur-lo a terme i \u00e9s el que s\u2019instal\u00b7la en la pla\u00e7a del Col\u00b7legi del Patriarca de Ciutat Vella.<\/p>\n<p>El projecte guanyador compleix les propostes del projecte: suposa un disseny ef\u00edmer, s\u2019ocupa l\u2019espai p\u00fablic amb un objecte temporal; el mobiliari urb\u00e0 est\u00e0 pensat per al districte de Ciutat Vella; s\u2019activa l\u2019espai p\u00fablic amb un \u00fas social; es promou la col\u00b7laboraci\u00f3 institucional, acad\u00e8mica i ve\u00efnal en un projecte com\u00fa; s\u2019estimula l\u2019\u00fas de l\u2019espai p\u00fablic per part de la ciutadania i s\u2019executar dissenys de mobiliari urb\u00e0 que siguen viable comercialment.<\/p>\n<div class=\"vlp-link-container vlp-layout-spotlight-b\"><a href=\"https:\/\/amicsdelcarme.com\/es\/un-lloc-per-quedar-se\/\" class=\"vlp-link\" title=\"Un lloc per quedar-se\"><\/a><div class=\"vlp-layout-zone-side\"><div class=\"vlp-block-3 vlp-link-image\"><img loading=\"lazy\" decoding=\"async\" style=\"max-width: 750px;\" width=\"750\" height=\"400\" src=\"https:\/\/amicsdelcarme.com\/wp-content\/uploads\/2022\/06\/Lloc_1-750x400.png\" class=\"attachment-large size-large\" alt=\"\" \/><\/div><\/div><div class=\"vlp-layout-zone-main\"><div class=\"vlp-block-0 vlp-link-title\">Un lloc per quedar-se<\/div><div class=\"vlp-block-1 vlp-link-summary\">Presentem amb aquesta exposici\u00f3 el resultat de la primera fase d\u2019un projecte formatiu i creatiu. Ha sigut gr\u00e0cies a col\u00b7laboraci\u00f3 a tres bandes entre la Junta de Districte de Ciutat Vella de Val\u00e8ncia, l\u2019Escola d\u2019Art i Superior de Disseny de Val\u00e8ncia i les associacions de ve\u00efns i comerciants Amics del Carme i Amics de Velluters.<\/div><div class=\"vlp-block-2 vlp-link-button\">llegir +<\/div><\/div><\/div>\n","protected":false},"excerpt":{"rendered":"<p>Hu\u00ed divendres 25 de novembre i amb el lema Enlla\u00e7os, s&#8217;ha presentat el disseny guanyador del projecte de col\u00b7laboraci\u00f3 entre entitats ve\u00efnals, educatives i municipals.La proposta guanyadora ha estat la de l&#8217;alumna de l&#8217;EADS de Val\u00e8ncia Claudia Ca\u00f1as Mejuto. Sota l\u2019auspici de la Junta Municipal de Ciutat Vella donem el [&#8230;]<\/p>\n","protected":false},"author":3,"featured_media":6832,"comment_status":"open","ping_status":"open","sticky":false,"template":"","format":"standard","meta":{"_acf_changed":false,"footnotes":""},"categories":[39],"tags":[],"class_list":["post-6784","post","type-post","status-publish","format-standard","has-post-thumbnail","hentry","category-actualitat"],"acf":[],"_links":{"self":[{"href":"https:\/\/amicsdelcarme.com\/es\/wp-json\/wp\/v2\/posts\/6784","targetHints":{"allow":["GET"]}}],"collection":[{"href":"https:\/\/amicsdelcarme.com\/es\/wp-json\/wp\/v2\/posts"}],"about":[{"href":"https:\/\/amicsdelcarme.com\/es\/wp-json\/wp\/v2\/types\/post"}],"author":[{"embeddable":true,"href":"https:\/\/amicsdelcarme.com\/es\/wp-json\/wp\/v2\/users\/3"}],"replies":[{"embeddable":true,"href":"https:\/\/amicsdelcarme.com\/es\/wp-json\/wp\/v2\/comments?post=6784"}],"version-history":[{"count":5,"href":"https:\/\/amicsdelcarme.com\/es\/wp-json\/wp\/v2\/posts\/6784\/revisions"}],"predecessor-version":[{"id":6886,"href":"https:\/\/amicsdelcarme.com\/es\/wp-json\/wp\/v2\/posts\/6784\/revisions\/6886"}],"wp:featuredmedia":[{"embeddable":true,"href":"https:\/\/amicsdelcarme.com\/es\/wp-json\/wp\/v2\/media\/6832"}],"wp:attachment":[{"href":"https:\/\/amicsdelcarme.com\/es\/wp-json\/wp\/v2\/media?parent=6784"}],"wp:term":[{"taxonomy":"category","embeddable":true,"href":"https:\/\/amicsdelcarme.com\/es\/wp-json\/wp\/v2\/categories?post=6784"},{"taxonomy":"post_tag","embeddable":true,"href":"https:\/\/amicsdelcarme.com\/es\/wp-json\/wp\/v2\/tags?post=6784"}],"curies":[{"name":"wp","href":"https:\/\/api.w.org\/{rel}","templated":true}]}}