{"id":6769,"date":"2022-11-22T22:13:53","date_gmt":"2022-11-22T21:13:53","guid":{"rendered":"https:\/\/amicsdelcarme.com\/?p=6769"},"modified":"2022-11-24T17:20:16","modified_gmt":"2022-11-24T16:20:16","slug":"una-sentencia-mas-en-la-cuenta-de-la-ciudad-del-turismo-poco-inteligente","status":"publish","type":"post","link":"https:\/\/amicsdelcarme.com\/es\/una-sentencia-mas-en-la-cuenta-de-la-ciudad-del-turismo-poco-inteligente\/","title":{"rendered":"Una sentencia mas en la cuenta de la ciudad del turismo poco inteligente"},"content":{"rendered":"\n<p><br>Una sentencia que viene a ratificar lo que todos sab\u00edamos, que las viviendas de uso tur\u00edstico son una actividad econ\u00f3mica sujeta a licencia y control administrativo.<\/p>\n<p>Lo que seguimos sin saber es porqu\u00e9 se mantiene al sector en una franca ilegalidad y no se persiguen los abusos notorios. Parece como si el gobierno de la mayoritaria oferta de alojamiento en la ciudad se tuviera que hacer a golpe de sentencia.<\/p>\n<p>Comienza a ser urgente poner fecha al plan de recursos tur\u00edsticos al que obliga la ley de turismo y hospitalidad, parece que lo de la hospitalidad aqu\u00ed no cuente.<\/p>\n<p>Y mientras nos ponemos de acuerdo nada mejor que una moratoria de hoteles, apartamentos y viviendas de uso tur\u00edstico, pues vamos a susto diario con los problemas de la vivienda, la colonizaci\u00f3n del espacio p\u00fablico y la contaminaci\u00f3n ambiental.<\/p>\n<p>La fundamentaci\u00f3n de las medidas reguladoras que reclama esta sentencia comienza por ah\u00ed, por aclarar a cuantos turistas salimos por habitante, cu\u00e1l es el n\u00famero m\u00e1ximo que podemos acoger a la vez y en casa de quien van a dormir.<\/p>\n<p>Mientras no tengamos claro el impacto social y ambiental de la oferta tur\u00edstica que promovemos mejor echar el freno, que la cosa tiene tintes muy preocupantes<\/p>\n<p>Por cierto, lo de los 60 d\u00edas al a\u00f1o, en todo caso, no recortaba la oferta, al contrario, la liberalizaba y no creemos que sea por ah\u00ed por donde haya que empezar.<\/p>\n<div class=\"vlp-link-container vlp-layout-spotlight-b\"><a href=\"https:\/\/www.levante-emv.com\/valencia\/2022\/11\/24\/vecinos-critican-regulacion-apartamentos-turisticos-79001711.html\" class=\"vlp-link\" title=\"Los vecinos critican la regulaci\u00f3n de los apartamentos tur\u00edsticos \u201ca golpe de sentencia\u201d\" rel=\"nofollow\" target=\"_blank\"><\/a><div class=\"vlp-layout-zone-side\"><div class=\"vlp-block-3 vlp-link-image\"><img decoding=\"async\" src=\"https:\/\/estaticos-cdn.prensaiberica.es\/clip\/f713eb9e-1b8c-4d5a-af82-3546e0432c7d_16-9-aspect-ratio_default_0.jpg\" style=\"max-width: 750px; max-height: 750px\" \/><\/div><\/div><div class=\"vlp-layout-zone-main\"><div class=\"vlp-block-0 vlp-link-title\">Los vecinos critican la regulaci\u00f3n de los apartamentos tur\u00edsticos \u201ca golpe de sentencia\u201d<\/div><div class=\"vlp-block-1 vlp-link-summary\">Broseta advierte de la inseguridad jur\u00eddica en el sector y del problema \u201creal\u201d de la turistificaci\u00f3n en la capital<\/div><div class=\"vlp-block-2 vlp-link-button\">llegir +<\/div><\/div><\/div>\n\n\n<div class=\"vlp-link-container vlp-template-default wp-block-visual-link-preview-link\">\n\t<a href=\"https:\/\/valenciaplaza.com\/tsj-pisos-turisticos-valencia-ciutat-vella-casco-historico\" class=\"vlp-link\" title=\"El TSJ anula los requisitos a los pisos tur\u00edsticos ocasionales en el casco hist\u00f3rico de Val\u00e8ncia\" rel=\"nofollow\" target=\"_blank\"><\/a>\t\t<div class=\"vlp-link-image-container\">\n\t\t<div class=\"vlp-link-image\">\n\t\t\t<img decoding=\"async\" src=\"https:\/\/valenciaplaza.com\/public\/Image\/socialThumb\/16690366041610080.png\" style=\"max-width: 150px; max-height: 150px\" \/>\t\t<\/div>\n\t<\/div>\n\t\t<div class=\"vlp-link-text-container\">\n\t\t\t\t<div class=\"vlp-link-title\">\n\t\t\tEl TSJ anula los requisitos a los pisos tur\u00edsticos ocasionales en el casco hist\u00f3rico de Val\u00e8ncia\t\t<\/div>\n\t\t\t\t\t\t<div class=\"vlp-link-summary\">\n\t\t\tEl Tribunal Superior de Justicia (TSJ) de la Comunitat Valenciana ha anulado las condiciones a apartamentos tur\u00edsticos en el distrito de Ciutat Vella de Val\u00e8ncia\t\t<\/div>\n\t\t\t<\/div>\n<\/div>\n","protected":false},"excerpt":{"rendered":"<p>Una sentencia que viene a ratificar lo que todos sab\u00edamos, que las viviendas de uso tur\u00edstico son una actividad econ\u00f3mica sujeta a licencia y control administrativo. Lo que seguimos sin saber es porqu\u00e9 se mantiene al sector en una franca ilegalidad y no se persiguen los abusos notorios. Parece como [&#8230;]<\/p>\n","protected":false},"author":3,"featured_media":6767,"comment_status":"open","ping_status":"open","sticky":false,"template":"","format":"standard","meta":{"_acf_changed":false,"footnotes":""},"categories":[72,1],"tags":[],"class_list":["post-6769","post","type-post","status-publish","format-standard","has-post-thumbnail","hentry","category-actualitat-es","category-urbanismo"],"acf":[],"_links":{"self":[{"href":"https:\/\/amicsdelcarme.com\/es\/wp-json\/wp\/v2\/posts\/6769","targetHints":{"allow":["GET"]}}],"collection":[{"href":"https:\/\/amicsdelcarme.com\/es\/wp-json\/wp\/v2\/posts"}],"about":[{"href":"https:\/\/amicsdelcarme.com\/es\/wp-json\/wp\/v2\/types\/post"}],"author":[{"embeddable":true,"href":"https:\/\/amicsdelcarme.com\/es\/wp-json\/wp\/v2\/users\/3"}],"replies":[{"embeddable":true,"href":"https:\/\/amicsdelcarme.com\/es\/wp-json\/wp\/v2\/comments?post=6769"}],"version-history":[{"count":5,"href":"https:\/\/amicsdelcarme.com\/es\/wp-json\/wp\/v2\/posts\/6769\/revisions"}],"predecessor-version":[{"id":6802,"href":"https:\/\/amicsdelcarme.com\/es\/wp-json\/wp\/v2\/posts\/6769\/revisions\/6802"}],"wp:featuredmedia":[{"embeddable":true,"href":"https:\/\/amicsdelcarme.com\/es\/wp-json\/wp\/v2\/media\/6767"}],"wp:attachment":[{"href":"https:\/\/amicsdelcarme.com\/es\/wp-json\/wp\/v2\/media?parent=6769"}],"wp:term":[{"taxonomy":"category","embeddable":true,"href":"https:\/\/amicsdelcarme.com\/es\/wp-json\/wp\/v2\/categories?post=6769"},{"taxonomy":"post_tag","embeddable":true,"href":"https:\/\/amicsdelcarme.com\/es\/wp-json\/wp\/v2\/tags?post=6769"}],"curies":[{"name":"wp","href":"https:\/\/api.w.org\/{rel}","templated":true}]}}