{"id":6754,"date":"2022-11-16T11:19:00","date_gmt":"2022-11-16T10:19:00","guid":{"rendered":"https:\/\/amicsdelcarme.com\/?p=6754"},"modified":"2022-11-16T12:53:49","modified_gmt":"2022-11-16T11:53:49","slug":"amics-de-velluters-crea-un-refugi-mobil-per-a-albergar-un-intercanvi-de-llibres","status":"publish","type":"post","link":"https:\/\/amicsdelcarme.com\/es\/amics-de-velluters-crea-un-refugi-mobil-per-a-albergar-un-intercanvi-de-llibres\/","title":{"rendered":"Amics de Velluters crea un refugi m\u00f2bil per a albergar un intercanvi de llibres"},"content":{"rendered":"\n<p>&nbsp;<\/p>\n<p>El col\u00b7lectiu de ve\u00efnes i ve\u00efns de \u201cAmics de Velluters\u201d duran a terme un projecte per a fomentar l&#8217;intercanvi de llibres o \u201cBookcrossing\u201d entre el ve\u00efnat.<br>Aquest projecte naix amb la intenci\u00f3 de crear un espai per a intercanviar hist\u00f2ries, aventures i coneixements en forma de llibre i aix\u00ed enfortir el teixit social del barri al mateix temps que es promouen valors com la solidaritat, la corresponsabilitat entre els\/as ve\u00efns\/as, i fins i tot, valors relacionats amb la sostenibilitat ambiental, a m\u00e9s de fomentar el gust per la lectura i l&#8217;acc\u00e9s lliure a la cultura.<br>Aquest refugi ser\u00e0 un espai m\u00f2bil que se situar\u00e0 en diversos comer\u00e7os del barri de Velluters, afavorint aix\u00ed, la sinergia entre ve\u00efns i comerciants.<br>Aquesta iniciativa ser\u00e0 presentada el dijous 17 de novembre, 18h, en el centre CA REVOLTA a tot el ve\u00efnat.<br>La primera ubicaci\u00f3 tindr\u00e0 lloc al carrer Vinatea, just al parc infantil situat en aquesta, en la cafeteria BARATTO <br>Des de \u201cAmics de Velluters\u201d animen a participar en aquesta iniciativa a tot el ve\u00efnat, siga o no de Velluters.<\/p>\n","protected":false},"excerpt":{"rendered":"<p>&nbsp; El col\u00b7lectiu de ve\u00efnes i ve\u00efns de \u201cAmics de Velluters\u201d duran a terme un projecte per a fomentar l&#8217;intercanvi de llibres o \u201cBookcrossing\u201d entre el ve\u00efnat.Aquest projecte naix amb la intenci\u00f3 de crear un espai per a intercanviar hist\u00f2ries, aventures i coneixements en forma de llibre i aix\u00ed enfortir [&#8230;]<\/p>\n","protected":false},"author":3,"featured_media":6759,"comment_status":"open","ping_status":"open","sticky":false,"template":"","format":"standard","meta":{"_acf_changed":false,"footnotes":""},"categories":[39],"tags":[],"class_list":["post-6754","post","type-post","status-publish","format-standard","has-post-thumbnail","hentry","category-actualitat"],"acf":[],"_links":{"self":[{"href":"https:\/\/amicsdelcarme.com\/es\/wp-json\/wp\/v2\/posts\/6754","targetHints":{"allow":["GET"]}}],"collection":[{"href":"https:\/\/amicsdelcarme.com\/es\/wp-json\/wp\/v2\/posts"}],"about":[{"href":"https:\/\/amicsdelcarme.com\/es\/wp-json\/wp\/v2\/types\/post"}],"author":[{"embeddable":true,"href":"https:\/\/amicsdelcarme.com\/es\/wp-json\/wp\/v2\/users\/3"}],"replies":[{"embeddable":true,"href":"https:\/\/amicsdelcarme.com\/es\/wp-json\/wp\/v2\/comments?post=6754"}],"version-history":[{"count":4,"href":"https:\/\/amicsdelcarme.com\/es\/wp-json\/wp\/v2\/posts\/6754\/revisions"}],"predecessor-version":[{"id":6762,"href":"https:\/\/amicsdelcarme.com\/es\/wp-json\/wp\/v2\/posts\/6754\/revisions\/6762"}],"wp:featuredmedia":[{"embeddable":true,"href":"https:\/\/amicsdelcarme.com\/es\/wp-json\/wp\/v2\/media\/6759"}],"wp:attachment":[{"href":"https:\/\/amicsdelcarme.com\/es\/wp-json\/wp\/v2\/media?parent=6754"}],"wp:term":[{"taxonomy":"category","embeddable":true,"href":"https:\/\/amicsdelcarme.com\/es\/wp-json\/wp\/v2\/categories?post=6754"},{"taxonomy":"post_tag","embeddable":true,"href":"https:\/\/amicsdelcarme.com\/es\/wp-json\/wp\/v2\/tags?post=6754"}],"curies":[{"name":"wp","href":"https:\/\/api.w.org\/{rel}","templated":true}]}}