{"id":6738,"date":"2022-11-09T19:40:21","date_gmt":"2022-11-09T18:40:21","guid":{"rendered":"https:\/\/amicsdelcarme.com\/?p=6738"},"modified":"2022-11-09T19:40:26","modified_gmt":"2022-11-09T18:40:26","slug":"pressupostos-participatius-una-nova-decepcio","status":"publish","type":"post","link":"https:\/\/amicsdelcarme.com\/es\/pressupostos-participatius-una-nova-decepcio\/","title":{"rendered":"Pressupostos participatius, una nova decepci\u00f3"},"content":{"rendered":"\n<p>La FAAVV de Val\u00e8ncia ha realitzat una consulta entre totes les associacions ve\u00efnals i totes hi coincideixen.<\/p>\n<p>No se sap perqu\u00e8 unes propostes han decaigut i d&#8217;altres que han aparegut s\u00f3n sospitosament promogudes pel mateix ajuntament.<\/p>\n<p>Conclusi\u00f3, si no funcionen les Juntes de Districte dificilment ho faran aquestes convocat\u00f2ries.<\/p>\n<p>Quedem esperant saber el resultat de les votacions per fer una valoraci\u00f3 m\u00e9s ajustada ja que de moment segueixen sense publicar-se<\/p>\n\n\n<div class=\"vlp-link-container vlp-layout-spotlight-b wp-block-visual-link-preview-link\"><a href=\"https:\/\/faavv.es\/el-movimiento-vecinal-analiza-la-convocatoria-de-este-ano-senalando-las-cosas-a-mejorar\/\" class=\"vlp-link\" title=\"El moviment ve\u00efnal analitza la convocat\u00f2ria: hi ha molt per millorar - FAAVV\" rel=\"nofollow\" target=\"_blank\"><\/a><div class=\"vlp-layout-zone-side\"><div class=\"vlp-block-3 vlp-link-image\"><img decoding=\"async\" src=\"https:\/\/faavv.es\/wp-content\/uploads\/decidimvlc-2022-1.jpg\" style=\"max-width: 750px; max-height: 750px\" \/><\/div><\/div><div class=\"vlp-layout-zone-main\"><div class=\"vlp-block-0 vlp-link-title\">El moviment ve\u00efnal analitza la convocat\u00f2ria: hi ha molt per millorar &#8211; FAAVV<\/div><div class=\"vlp-block-1 vlp-link-summary\">La Federaci\u00f3 d\u2019Associacions Ve\u00efnals (FAAVV) de Val\u00e8ncia ha realitzat durant aquestes darreres setmanes una an\u00e0lisi entre les associacions federades per valorar els pressupostos participatius impulsats des de l\u2019Ajuntament de Val\u00e8ncia en aquest exercici. Aquest estudi ha culminat a m\u00e9s amb el debat a\u2026<\/div><div class=\"vlp-block-2 vlp-link-button\">llegir +<\/div><\/div><\/div>","protected":false},"excerpt":{"rendered":"<p>La FAAVV de Val\u00e8ncia ha realitzat una consulta entre totes les associacions ve\u00efnals i totes hi coincideixen. No se sap perqu\u00e8 unes propostes han decaigut i d&#8217;altres que han aparegut s\u00f3n sospitosament promogudes pel mateix ajuntament. Conclusi\u00f3, si no funcionen les Juntes de Districte dificilment ho faran aquestes convocat\u00f2ries. Quedem [&#8230;]<\/p>\n","protected":false},"author":3,"featured_media":6739,"comment_status":"open","ping_status":"open","sticky":false,"template":"","format":"standard","meta":{"_acf_changed":false,"footnotes":""},"categories":[39],"tags":[],"class_list":["post-6738","post","type-post","status-publish","format-standard","has-post-thumbnail","hentry","category-actualitat"],"acf":[],"_links":{"self":[{"href":"https:\/\/amicsdelcarme.com\/es\/wp-json\/wp\/v2\/posts\/6738","targetHints":{"allow":["GET"]}}],"collection":[{"href":"https:\/\/amicsdelcarme.com\/es\/wp-json\/wp\/v2\/posts"}],"about":[{"href":"https:\/\/amicsdelcarme.com\/es\/wp-json\/wp\/v2\/types\/post"}],"author":[{"embeddable":true,"href":"https:\/\/amicsdelcarme.com\/es\/wp-json\/wp\/v2\/users\/3"}],"replies":[{"embeddable":true,"href":"https:\/\/amicsdelcarme.com\/es\/wp-json\/wp\/v2\/comments?post=6738"}],"version-history":[{"count":1,"href":"https:\/\/amicsdelcarme.com\/es\/wp-json\/wp\/v2\/posts\/6738\/revisions"}],"predecessor-version":[{"id":6741,"href":"https:\/\/amicsdelcarme.com\/es\/wp-json\/wp\/v2\/posts\/6738\/revisions\/6741"}],"wp:featuredmedia":[{"embeddable":true,"href":"https:\/\/amicsdelcarme.com\/es\/wp-json\/wp\/v2\/media\/6739"}],"wp:attachment":[{"href":"https:\/\/amicsdelcarme.com\/es\/wp-json\/wp\/v2\/media?parent=6738"}],"wp:term":[{"taxonomy":"category","embeddable":true,"href":"https:\/\/amicsdelcarme.com\/es\/wp-json\/wp\/v2\/categories?post=6738"},{"taxonomy":"post_tag","embeddable":true,"href":"https:\/\/amicsdelcarme.com\/es\/wp-json\/wp\/v2\/tags?post=6738"}],"curies":[{"name":"wp","href":"https:\/\/api.w.org\/{rel}","templated":true}]}}