{"id":6733,"date":"2022-11-09T19:20:03","date_gmt":"2022-11-09T18:20:03","guid":{"rendered":"https:\/\/amicsdelcarme.com\/?p=6733"},"modified":"2022-11-25T22:29:30","modified_gmt":"2022-11-25T21:29:30","slug":"19n-passejada-pel-barri-de-la-xerea","status":"publish","type":"post","link":"https:\/\/amicsdelcarme.com\/es\/19n-passejada-pel-barri-de-la-xerea\/","title":{"rendered":"19N | Passejada pel barri de la Xerea"},"content":{"rendered":"\n<p><br>El dissabte, 19 de novembre organitzem la quarta ruta al voltant del projecte <strong>SOLARS i MEM\u00d2RIA, la Xerea<\/strong><\/p>\n<p>Com sempre, una setmana abans obrirem el full d\u00b4inscripcions.<\/p>\n<p>El barri era a l&#8217;est de l&#8217;antiga Valentia romana, fundada l&#8217;any 138 aC dins una desapareguda illa fluvial que feia el riu T\u00faria. Acollia el circ rom\u00e0 de la ciutat del qual encara es troben alguns vestigis entre les actuals places de N\u00e0pols i Sic\u00edlia al nord i del Patriarca al sud<\/p>\n<p>Coneix aquest barri hist\u00f2ric el nom del qual deriva del top\u00f2nim \u00e0rab \u201csharia\u201d, la Llei Isl\u00e0mica. Un barri amb contrastos molt marcats, ple de carrerons en ziga-zaga, adzucats, refugis antiaeris, pous i importants bosses de solars que han deixat una empremta molt visible i reconeixible en un urbanisme de marcat car\u00e0cter medieval<\/p>\n<p>En aquesta ruta explorarem espais totalment desconeguts i in\u00e8dits i descobrirem com eren alguns dels edificis que s&#8217;aixecaven en aquests llocs, la tipologia d&#8217;habitatge present fins a principis del segle XXI i el passat i el futur de la Xerea a trav\u00e9s de les fonts hist\u00f2riques i de les fotografies antigues que els participants podran veure in situ<\/p>\n<p>Una oportunitat \u00fanica per posar en valor i rescatar de l?oblit un dels barris m\u00e9s desconeguts i menys visitats de Ciutat Vella i dialogar a peu de carrer sobre arquitectura, hist\u00f2ria, urbanisme i patrimoni<\/p>\n","protected":false},"excerpt":{"rendered":"<p>El dissabte, 19 de novembre organitzem la quarta ruta al voltant del projecte SOLARS i MEM\u00d2RIA, la Xerea Com sempre, una setmana abans obrirem el full d\u00b4inscripcions. El barri era a l&#8217;est de l&#8217;antiga Valentia romana, fundada l&#8217;any 138 aC dins una desapareguda illa fluvial que feia el riu T\u00faria. [&#8230;]<\/p>\n","protected":false},"author":3,"featured_media":6734,"comment_status":"open","ping_status":"open","sticky":false,"template":"","format":"standard","meta":{"_acf_changed":false,"footnotes":""},"categories":[39,42,43,38],"tags":[],"class_list":["post-6733","post","type-post","status-publish","format-standard","has-post-thumbnail","hentry","category-actualitat","category-el-barri","category-espai-public","category-urbanisme"],"acf":[],"_links":{"self":[{"href":"https:\/\/amicsdelcarme.com\/es\/wp-json\/wp\/v2\/posts\/6733","targetHints":{"allow":["GET"]}}],"collection":[{"href":"https:\/\/amicsdelcarme.com\/es\/wp-json\/wp\/v2\/posts"}],"about":[{"href":"https:\/\/amicsdelcarme.com\/es\/wp-json\/wp\/v2\/types\/post"}],"author":[{"embeddable":true,"href":"https:\/\/amicsdelcarme.com\/es\/wp-json\/wp\/v2\/users\/3"}],"replies":[{"embeddable":true,"href":"https:\/\/amicsdelcarme.com\/es\/wp-json\/wp\/v2\/comments?post=6733"}],"version-history":[{"count":4,"href":"https:\/\/amicsdelcarme.com\/es\/wp-json\/wp\/v2\/posts\/6733\/revisions"}],"predecessor-version":[{"id":6890,"href":"https:\/\/amicsdelcarme.com\/es\/wp-json\/wp\/v2\/posts\/6733\/revisions\/6890"}],"wp:featuredmedia":[{"embeddable":true,"href":"https:\/\/amicsdelcarme.com\/es\/wp-json\/wp\/v2\/media\/6734"}],"wp:attachment":[{"href":"https:\/\/amicsdelcarme.com\/es\/wp-json\/wp\/v2\/media?parent=6733"}],"wp:term":[{"taxonomy":"category","embeddable":true,"href":"https:\/\/amicsdelcarme.com\/es\/wp-json\/wp\/v2\/categories?post=6733"},{"taxonomy":"post_tag","embeddable":true,"href":"https:\/\/amicsdelcarme.com\/es\/wp-json\/wp\/v2\/tags?post=6733"}],"curies":[{"name":"wp","href":"https:\/\/api.w.org\/{rel}","templated":true}]}}