{"id":6714,"date":"2022-11-07T18:51:27","date_gmt":"2022-11-07T17:51:27","guid":{"rendered":"https:\/\/amicsdelcarme.com\/?p=6714"},"modified":"2022-11-09T14:08:49","modified_gmt":"2022-11-09T13:08:49","slug":"cimera-veinal-dintelligencia-turistica-als-barris","status":"publish","type":"post","link":"https:\/\/amicsdelcarme.com\/es\/cimera-veinal-dintelligencia-turistica-als-barris\/","title":{"rendered":"Cimera Ve\u00efnal d\u2019Intel\u00b7lig\u00e8ncia Tur\u00edstica als Barris"},"content":{"rendered":"\n<p><strong>Ecologistes en Acci\u00f3 i la FAAVV de Val\u00e8ncia<\/strong> s&#8217;han unit en aquesta convocat\u00f2ria per dibuixar el mapa dels conflictes sobre l&#8217;oci i el turisme a la ciutat i elaborar el nostre manifest per un turisme realment \u201cintel\u00b7ligent\u201d i \u201csostenible\u201d a la ciutat, per\u00f2 sense la ret\u00f2rica i la xerrameca mercatt\u00e8cnica amb qu\u00e8 solen enredar-nos<\/p>\n<p>Conviden a totes les entitats a participar en aquesta trobada i per compartir les seves experi\u00e8ncies davant dels problemes de l&#8217;oci i el turisme: <strong>Qu\u00e8 \u00e9s el que \u201cturistifica\u201d el teu barri, qu\u00e8 \u00e9s el que degrada la conviv\u00e8ncia?<\/strong><\/p>\n<p>Entre tots hem de fer front al turisme d&#8217;alluvi\u00f3 que promociona l&#8217;Ajuntament de Val\u00e8ncia.<\/p>\n<p>Sobra promoci\u00f3 tur\u00edstica i manca planificaci\u00f3 i seny en el creixement<\/p>\n<p>Qu\u00e8 demanem? Quines s\u00f3n les nostres propostes?<\/p>\n<p>Aix\u00f2 t\u00e9 remei i es diu bon govern!<\/p>\n<p>Participa en aquesta trobada per definir les nostres propostes i coordinar les nostres accions<\/p>\n\n\n<div class=\"vlp-link-container vlp-layout-spotlight-b wp-block-visual-link-preview-link\"><a href=\"https:\/\/faavv.es\/cimera-veinal-sobre-turistificacio-als-barris\/\" class=\"vlp-link\" title=\"Cimera Ve\u00efnal sobre Turistificaci\u00f3 als Barris - FAAVV\" rel=\"nofollow\" target=\"_blank\"><\/a><div class=\"vlp-layout-zone-side\"><div class=\"vlp-block-3 vlp-link-image\"><img decoding=\"async\" src=\"https:\/\/faavv.es\/wp-content\/uploads\/Cimera.png\" style=\"max-width: 750px; max-height: 750px\" \/><\/div><\/div><div class=\"vlp-layout-zone-main\"><div class=\"vlp-block-0 vlp-link-title\">Cimera Ve\u00efnal sobre Turistificaci\u00f3 als Barris &#8211; FAAVV<\/div><div class=\"vlp-block-1 vlp-link-summary\">El turisme a la ciutat ja est\u00e0 al 100%, i el reprenem de nou sense planificaci\u00f3 ni gesti\u00f3 veritable. La ciutat torna a ser un espai per explotar tur\u00edsticament, i nom\u00e9s es fan estrat\u00e8gies per cr\u00e9ixer i cr\u00e9ixer: ampliaci\u00f3 del port de creuers, noves connexions de vols de low cost, 200.000 turistes al\u2026<\/div><div class=\"vlp-block-2 vlp-link-button\">llegir +<\/div><\/div><\/div>\n\n\n\n<div class=\"vlp-link-container vlp-layout-spotlight-b wp-block-visual-link-preview-link\"><a href=\"https:\/\/amicsdelcarme.com\/es\/cimera-veinal-sobre-turistificacio-als-barris\/\" class=\"vlp-link\" title=\"Cimera Ve\u00efnal sobre Turistificaci\u00f3 als Barris | Programa i Incripcions\"><\/a><div class=\"vlp-layout-zone-side\"><div class=\"vlp-block-3 vlp-link-image\"><img loading=\"lazy\" decoding=\"async\" style=\"max-width: 444px;\" width=\"444\" height=\"219\" src=\"https:\/\/amicsdelcarme.com\/wp-content\/uploads\/2022\/11\/Cimera.png\" class=\"attachment-large size-large\" alt=\"\" srcset=\"https:\/\/amicsdelcarme.com\/wp-content\/uploads\/2022\/11\/Cimera.png 444w, https:\/\/amicsdelcarme.com\/wp-content\/uploads\/2022\/11\/Cimera-300x148.png 300w\" sizes=\"auto, (max-width: 444px) 100vw, 444px\" \/><\/div><\/div><div class=\"vlp-layout-zone-main\"><div class=\"vlp-block-0 vlp-link-title\">Cimera Ve\u00efnal sobre Turistificaci\u00f3 als Barris | Programa i Incripcions<\/div><div class=\"vlp-block-1 vlp-link-summary\">19 de novembre 2022de 10:00h a 17:00h (hi haur\u00e0 dinar de picaeta)Espai Ribes,&nbsp;Parc Central (entrada pel C\/Filipines)Barri de Russafa&nbsp; Per qu\u00e8 de la Cimera Ve\u00efnal El turisme a la ciutat ja est\u00e0 al 100%, i el reprenem de nou sense planificaci\u00f3 ni gesti\u00f3 veritable. La ciutat torna a ser un espai per explotar tur\u00edsticament, i&hellip;<\/div><div class=\"vlp-block-2 vlp-link-button\">llegir +<\/div><\/div><\/div>","protected":false},"excerpt":{"rendered":"<p>Ecologistes en Acci\u00f3 i la FAAVV de Val\u00e8ncia s&#8217;han unit en aquesta convocat\u00f2ria per dibuixar el mapa dels conflictes sobre l&#8217;oci i el turisme a la ciutat i elaborar el nostre manifest per un turisme realment \u201cintel\u00b7ligent\u201d i \u201csostenible\u201d a la ciutat, per\u00f2 sense la ret\u00f2rica i la xerrameca mercatt\u00e8cnica [&#8230;]<\/p>\n","protected":false},"author":3,"featured_media":6715,"comment_status":"open","ping_status":"open","sticky":false,"template":"","format":"standard","meta":{"_acf_changed":false,"footnotes":""},"categories":[39,43,38],"tags":[],"class_list":["post-6714","post","type-post","status-publish","format-standard","has-post-thumbnail","hentry","category-actualitat","category-espai-public","category-urbanisme"],"acf":[],"_links":{"self":[{"href":"https:\/\/amicsdelcarme.com\/es\/wp-json\/wp\/v2\/posts\/6714","targetHints":{"allow":["GET"]}}],"collection":[{"href":"https:\/\/amicsdelcarme.com\/es\/wp-json\/wp\/v2\/posts"}],"about":[{"href":"https:\/\/amicsdelcarme.com\/es\/wp-json\/wp\/v2\/types\/post"}],"author":[{"embeddable":true,"href":"https:\/\/amicsdelcarme.com\/es\/wp-json\/wp\/v2\/users\/3"}],"replies":[{"embeddable":true,"href":"https:\/\/amicsdelcarme.com\/es\/wp-json\/wp\/v2\/comments?post=6714"}],"version-history":[{"count":5,"href":"https:\/\/amicsdelcarme.com\/es\/wp-json\/wp\/v2\/posts\/6714\/revisions"}],"predecessor-version":[{"id":6732,"href":"https:\/\/amicsdelcarme.com\/es\/wp-json\/wp\/v2\/posts\/6714\/revisions\/6732"}],"wp:featuredmedia":[{"embeddable":true,"href":"https:\/\/amicsdelcarme.com\/es\/wp-json\/wp\/v2\/media\/6715"}],"wp:attachment":[{"href":"https:\/\/amicsdelcarme.com\/es\/wp-json\/wp\/v2\/media?parent=6714"}],"wp:term":[{"taxonomy":"category","embeddable":true,"href":"https:\/\/amicsdelcarme.com\/es\/wp-json\/wp\/v2\/categories?post=6714"},{"taxonomy":"post_tag","embeddable":true,"href":"https:\/\/amicsdelcarme.com\/es\/wp-json\/wp\/v2\/tags?post=6714"}],"curies":[{"name":"wp","href":"https:\/\/api.w.org\/{rel}","templated":true}]}}