{"id":6699,"date":"2022-11-06T19:40:18","date_gmt":"2022-11-06T18:40:18","guid":{"rendered":"https:\/\/amicsdelcarme.com\/?p=6699"},"modified":"2022-11-07T23:05:07","modified_gmt":"2022-11-07T22:05:07","slug":"cimera-veinal-sobre-turistificacio-als-barris","status":"publish","type":"post","link":"https:\/\/amicsdelcarme.com\/es\/cimera-veinal-sobre-turistificacio-als-barris\/","title":{"rendered":"Cimera Ve\u00efnal sobre Turistificaci\u00f3 als Barris | Programa i Incripcions"},"content":{"rendered":"\n<h3><strong>19 de novembre 2022<br><\/strong><strong>de 10:00h a 17:00h (hi haur\u00e0 dinar de picaeta)<br><\/strong><strong>Espai Ribes,&nbsp;Parc Central (entrada pel C\/Filipines)<br><\/strong><strong>Barri de Russafa&nbsp;<\/strong><\/h3>\n<h4><strong>Per qu\u00e8 de la Cimera Ve\u00efnal<\/strong><\/h4>\n<p>El turisme a la ciutat ja est\u00e0 al 100%, i el reprenem de nou sense planificaci\u00f3 ni gesti\u00f3 veritable.<\/p>\n<p>La ciutat torna a ser un espai per explotar tur\u00edsticament, i nom\u00e9s es fan estrat\u00e8gies per cr\u00e9ixer i cr\u00e9ixer: ampliaci\u00f3 del port de creuers, noves connexions de vols de low cost, 200.000 turistes al pont de novembre (quasi 1\/3 de la poblaci\u00f3!!), ampliaci\u00f3 d\u2019autovies, m\u00e9s hotels, m\u00e9s pisos tur\u00edstics,<strong>&nbsp;m\u00e9s m\u00e9s m\u00e9s<\/strong>.<\/p>\n<p>I els barris que rebem al turisme no podem dir ni mitja, perqu\u00e8 de seguida&nbsp;les inversores, touroperadors&nbsp;i patronals tur\u00edstiques en ple frenes\u00ed&nbsp;ens diuen que tenim turismef\u00f2bia, i&nbsp;<strong>que elles fan un turisme intel\u00b7ligent, sostenible, verd, comunitari, i un munt d\u2019etiquetes estupendes<\/strong>.<\/p>\n<p>Per aix\u00f2 \u00e9s important que els barris que acollim el turisme fem escoltar la nostra veu\u2026<\/p>\n<p>Doncs b\u00e9, amb motiu de la celebraci\u00f3 del III Congr\u00e9s Mundial de Turisme Intel\u00b7ligent en Val\u00e8ncia del 21-23 novembre, proposem la Cimera Ve\u00efnal.<\/p>\n<h4><strong>Objectiu de la Cimera<\/strong><\/h4>\n<p>Es proposa la Cimera ve\u00efnal pr\u00e8via al congr\u00e9s mundial per&nbsp;<strong>idear&nbsp;<u>estrat\u00e8gies<\/u><\/strong><u>&nbsp;<\/u>que eviten la turistificaci\u00f3 i pel decreixement tur\u00edstic, basades en la nostra experi\u00e8ncia.<\/p>\n<p>A la fi de la Cimera ve\u00efnal, publicarem una&nbsp;<strong>carta ve\u00efnal&nbsp;<\/strong>de turisme \u201cintel\u00b7ligent\u201d als barris, en resposta al&nbsp;&nbsp;III Congr\u00e9s Mundial de Turisme Intel\u00b7ligent&nbsp;que es celebra a la ciutat.<\/p>\n<p>Dia complet, de 10 a 17h, hi haur\u00e0 dinar de picaeta.<\/p>\n<h4><strong>Qui participa:&nbsp;<\/strong><\/h4>\n<p>Persones designades del pels&nbsp;<strong><u>col\u00b7lectius<\/u><\/strong>&nbsp;dels barris&nbsp;<strong><u>que treballen q\u00fcestions de turistificaci\u00f3<\/u><\/strong>: associacions ve\u00efnals, sindicats de barris, organitzacions ecosocials, etc.<\/p>\n<p>Per inscriure\u2019s empleneu el seg\u00fcent formulari:<\/p>\n<p><strong>FORMULARI D\u2019INSCRIPCI\u00d3<\/strong><\/p>\n<p><strong><u><a href=\"https:\/\/forms.gle\/kaRQ2i8SupiqeCWD7\">https:\/\/forms.gle\/kaRQ2i8SupiqeCWD7<\/a><\/u><\/strong><\/p>\n<p><strong>M\u00e9s informaci\u00f3:&nbsp;<\/strong><\/p>\n<p><strong><a href=\"https:\/\/www.ecologistesenacciovalencia.org\/turistificacio\">https:\/\/www.ecologistesenacciovalencia.org\/turistificacio<\/a><\/strong><\/p>\n<p><a href=\"mailto:stop.turistificacio@ecologistesenaccio.org\">stop.turistificacio@ecologistesenaccio.org<\/a><\/p>\n<h4><strong>Qui organitza<\/strong><\/h4>\n<p>La Cimera es realitza amb els fons d\u2019activitats de la&nbsp;<strong>Junta de Districte de Russafa<\/strong>, solicitats pel grup de treball de turisme del districte. A m\u00e9s, l\u2019Ajuntament cedeix l\u2019espai, l\u2019equipament i lacartelleria per a la realitzaci\u00f3.<\/p>\n<p>Els continguts i din\u00e0miques de participaci\u00f3 les organitza&nbsp;<strong>Ecologistes en Acci\u00f3 de Val\u00e8ncia<\/strong>, la seva comissi\u00f3 \u201cStop turistificaci\u00f3\u201d, com a membres del grup de treball del barri.<\/p>\n<p>La&nbsp;<strong>Federaci\u00f3 d\u2019associacions ve\u00efnals de Val\u00e8ncia<\/strong>&nbsp;recolza la participaci\u00f3 i impulsa la Cimera.<\/p>\n<h4><strong>Programa de la Cimera 19 Novembre 2022<\/strong><\/h4>\n<p>10:00h Benvinguda i organitzaci\u00f3 dels grups de treball<\/p>\n<p>10:30h Qu\u00e8 turistifica el barri?<\/p>\n<ul>\n<li>Punts clau de la turistificaci\u00f3 en cada barri<\/li>\n<li>Posada en com\u00fa 13:00h Accions i iniciatives:<\/li>\n<li>Identificar accions i iniciatives que realitzen o han realitzat els col\u00b7lectius respecte a la turistificaci\u00f3 \u2013 Posada en com\u00fa<\/li>\n<\/ul>\n<p><em>14:00h Dinar de picaeta (c\u00e0tering)<\/em><\/p>\n<p>15:<em>00h<\/em>&nbsp;Propostes:<\/p>\n<ul>\n<li>Generaci\u00f3 de propostes que aborden els punts clau identificats<\/li>\n<li>Posada en com\u00fa<\/li>\n<\/ul>\n<p>16:30h Consens a carta ve\u00efnal de turisme intel\u00b7ligent en base als resultats<\/p>\n<p>17:00h Declaraci\u00f3 ve\u00efnal per la intel\u00b7lig\u00e8ncia tur\u00edstica als barris de Val\u00e8ncia<\/p>\n","protected":false},"excerpt":{"rendered":"<p>19 de novembre 2022de 10:00h a 17:00h (hi haur\u00e0 dinar de picaeta)Espai Ribes,&nbsp;Parc Central (entrada pel C\/Filipines)Barri de Russafa&nbsp; Per qu\u00e8 de la Cimera Ve\u00efnal El turisme a la ciutat ja est\u00e0 al 100%, i el reprenem de nou sense planificaci\u00f3 ni gesti\u00f3 veritable. La ciutat torna a ser un [&#8230;]<\/p>\n","protected":false},"author":3,"featured_media":6695,"comment_status":"open","ping_status":"open","sticky":false,"template":"","format":"standard","meta":{"_acf_changed":false,"footnotes":""},"categories":[39,38],"tags":[],"class_list":["post-6699","post","type-post","status-publish","format-standard","has-post-thumbnail","hentry","category-actualitat","category-urbanisme"],"acf":[],"_links":{"self":[{"href":"https:\/\/amicsdelcarme.com\/es\/wp-json\/wp\/v2\/posts\/6699","targetHints":{"allow":["GET"]}}],"collection":[{"href":"https:\/\/amicsdelcarme.com\/es\/wp-json\/wp\/v2\/posts"}],"about":[{"href":"https:\/\/amicsdelcarme.com\/es\/wp-json\/wp\/v2\/types\/post"}],"author":[{"embeddable":true,"href":"https:\/\/amicsdelcarme.com\/es\/wp-json\/wp\/v2\/users\/3"}],"replies":[{"embeddable":true,"href":"https:\/\/amicsdelcarme.com\/es\/wp-json\/wp\/v2\/comments?post=6699"}],"version-history":[{"count":3,"href":"https:\/\/amicsdelcarme.com\/es\/wp-json\/wp\/v2\/posts\/6699\/revisions"}],"predecessor-version":[{"id":6729,"href":"https:\/\/amicsdelcarme.com\/es\/wp-json\/wp\/v2\/posts\/6699\/revisions\/6729"}],"wp:featuredmedia":[{"embeddable":true,"href":"https:\/\/amicsdelcarme.com\/es\/wp-json\/wp\/v2\/media\/6695"}],"wp:attachment":[{"href":"https:\/\/amicsdelcarme.com\/es\/wp-json\/wp\/v2\/media?parent=6699"}],"wp:term":[{"taxonomy":"category","embeddable":true,"href":"https:\/\/amicsdelcarme.com\/es\/wp-json\/wp\/v2\/categories?post=6699"},{"taxonomy":"post_tag","embeddable":true,"href":"https:\/\/amicsdelcarme.com\/es\/wp-json\/wp\/v2\/tags?post=6699"}],"curies":[{"name":"wp","href":"https:\/\/api.w.org\/{rel}","templated":true}]}}