{"id":6669,"date":"2022-10-17T08:31:16","date_gmt":"2022-10-17T06:31:16","guid":{"rendered":"https:\/\/amicsdelcarme.com\/?p=6669"},"modified":"2022-10-17T16:37:54","modified_gmt":"2022-10-17T14:37:54","slug":"arranca-la-fase-de-votacion-ciudadana-de-los-presupuestos-participativos-decidimvlc","status":"publish","type":"post","link":"https:\/\/amicsdelcarme.com\/es\/arranca-la-fase-de-votacion-ciudadana-de-los-presupuestos-participativos-decidimvlc\/","title":{"rendered":"Arranca la fase de votaci\u00f3n ciudadana de los presupuestos participativos DecidimVLC"},"content":{"rendered":"\n<h3 class=\"c-mainarticle__subtitle\">La ciudadan\u00eda podr\u00e1 votar las propuestas del 14 de octubre al 7 de noviembre<\/h3>\n<p>Comienza la<strong>&nbsp;fase de votaci\u00f3n de los presupuestos participativos DecidimVLC<\/strong>.&nbsp;<strong>Del 14 de octubre al 7 de noviembre de 2022<\/strong>, la ciudadan\u00eda podr\u00e1 votar por las propuestas que quieren que se lleven a cabo en la ciudad de Val\u00e8ncia.&nbsp;<\/p>\n<p>Tenemos que destacar que en el caso de Ciutat Vella han pasado a la fase de votaci\u00f3n solo 11 de las mas de 60 propuestas presentadas inicialmente.&nbsp;<\/p>\n<p>Y sobre las que han han pasado nos sigue pareciendo un circo de ocurrencias bastante sospechoso. Pues hay propuestas bastante absurdas y otras que sencillamente hacen referencia a problemas que el ayuntamiento deber\u00eda haber resuelto hace tiempo.&nbsp;<\/p>\n<p>Setr\u00eda de agradecer que nos explicaran porqu\u00e9 unas han pasado y otras no, pues nos parece una valoraci\u00f3n bastante arbitraria. De hecho ya hemos comenzado ha preguntar.<\/p>\n<h2>C\u00f3mo votar en los Presupuestos Participativos Decidim VLC<\/h2>\n<p>La votaci\u00f3n se realizar\u00e1 a trav\u00e9s de la web&nbsp;<a title=\"decidimvlc.valencia.es\" href=\"https:\/\/decidimvlc.valencia.es\/presupuestos\" target=\"_blank\" rel=\"nofollow noopener noreferrer\" data-external=\"1\">decidimvlc.valencia.es<\/a>&nbsp;o de manera presencial en los puntos de votaci\u00f3n que se han habilitado en las juntas municipales de distrito, los centros municipales de juventud o sedes de asociaciones que se hayan ofrecido. El horario y la localizaci\u00f3n de los mismos se puede consultar en la web y redes sociales del Ayuntamiento de Val\u00e8ncia.&nbsp;<\/p>\n<p>Los lunes, de 7 a 9, se podr\u00e1 votar desde el local de Amics del carme mientras dure el periodo de votaci\u00f3n.<\/p>\n<p>Los \u00fanicos&nbsp;<strong>requisitos<\/strong>&nbsp;para poder votar son ser persona empadronada en Val\u00e8ncia y mayor de 16 a\u00f1os. Cada persona deber\u00e1 escoger un distrito o pueblo y votar las propuestas que prefiera hasta agotar el presupuesto asignado. Los votos se podr\u00e1 cambiar hasta el final del plazo de votaci\u00f3n.<\/p>\n<p>Los<strong>&nbsp;proyectos m\u00e1s votados iniciar\u00e1n su ejecuci\u00f3n en 2023<\/strong>.<\/p>\n","protected":false},"excerpt":{"rendered":"<p>La ciudadan\u00eda podr\u00e1 votar las propuestas del 14 de octubre al 7 de noviembre Comienza la&nbsp;fase de votaci\u00f3n de los presupuestos participativos DecidimVLC.&nbsp;Del 14 de octubre al 7 de noviembre de 2022, la ciudadan\u00eda podr\u00e1 votar por las propuestas que quieren que se lleven a cabo en la ciudad de [&#8230;]<\/p>\n","protected":false},"author":3,"featured_media":6670,"comment_status":"open","ping_status":"open","sticky":false,"template":"","format":"standard","meta":{"_acf_changed":false,"footnotes":""},"categories":[39],"tags":[],"class_list":["post-6669","post","type-post","status-publish","format-standard","has-post-thumbnail","hentry","category-actualitat"],"acf":[],"_links":{"self":[{"href":"https:\/\/amicsdelcarme.com\/es\/wp-json\/wp\/v2\/posts\/6669","targetHints":{"allow":["GET"]}}],"collection":[{"href":"https:\/\/amicsdelcarme.com\/es\/wp-json\/wp\/v2\/posts"}],"about":[{"href":"https:\/\/amicsdelcarme.com\/es\/wp-json\/wp\/v2\/types\/post"}],"author":[{"embeddable":true,"href":"https:\/\/amicsdelcarme.com\/es\/wp-json\/wp\/v2\/users\/3"}],"replies":[{"embeddable":true,"href":"https:\/\/amicsdelcarme.com\/es\/wp-json\/wp\/v2\/comments?post=6669"}],"version-history":[{"count":2,"href":"https:\/\/amicsdelcarme.com\/es\/wp-json\/wp\/v2\/posts\/6669\/revisions"}],"predecessor-version":[{"id":6675,"href":"https:\/\/amicsdelcarme.com\/es\/wp-json\/wp\/v2\/posts\/6669\/revisions\/6675"}],"wp:featuredmedia":[{"embeddable":true,"href":"https:\/\/amicsdelcarme.com\/es\/wp-json\/wp\/v2\/media\/6670"}],"wp:attachment":[{"href":"https:\/\/amicsdelcarme.com\/es\/wp-json\/wp\/v2\/media?parent=6669"}],"wp:term":[{"taxonomy":"category","embeddable":true,"href":"https:\/\/amicsdelcarme.com\/es\/wp-json\/wp\/v2\/categories?post=6669"},{"taxonomy":"post_tag","embeddable":true,"href":"https:\/\/amicsdelcarme.com\/es\/wp-json\/wp\/v2\/tags?post=6669"}],"curies":[{"name":"wp","href":"https:\/\/api.w.org\/{rel}","templated":true}]}}