{"id":6656,"date":"2022-10-15T18:08:32","date_gmt":"2022-10-15T16:08:32","guid":{"rendered":"https:\/\/amicsdelcarme.com\/?p=6656"},"modified":"2022-10-15T18:08:33","modified_gmt":"2022-10-15T16:08:33","slug":"la-muralla-islamica-als-solars-del-carme","status":"publish","type":"post","link":"https:\/\/amicsdelcarme.com\/es\/la-muralla-islamica-als-solars-del-carme\/","title":{"rendered":"La Muralla Isl\u00e0mica als solars del Carme"},"content":{"rendered":"\n<p>Hui hem fet la segona de les visites guiades de l&#8217;acci\u00f3 SOLARS I MEM\u00d2RIA<\/p>\n<p>Hem recorregut la muralla isl\u00e0mica que serpenteja entre els carrers de la part del Carme ve\u00efna a les Torres de Serrans, hem seguit un rastre que sovint es confon, es mimetitza, amb els murs i fonaments de les cases que surten al pas.<\/p>\n<p><img loading=\"lazy\" decoding=\"async\" class=\"aligncenter wp-image-6659 size-large\" src=\"https:\/\/amicsdelcarme.com\/wp-content\/uploads\/2022\/10\/c06d9c68-aa9b-42fd-8ea3-fb249e8fdd83-750x400.jpg\" alt=\"\" width=\"750\" height=\"400\">Hem visitat els solars que deixen al descobert les empremtes del que un dia va ser el sistema defensiu de la ciutat de la m\u00e0 de Cesar Guarde\u00f1o i de Victor Cantero que ens han guiat al passeig i ens han explicat hist\u00f2ries sobre la gent que va viure a el que s\u00f3n ara buits.<\/p>\n<p>El prop\u00f2sit d&#8217;aquesta acci\u00f3 ha estat de nou contar hist\u00f2ries sobre els solars que esquitxen tota Ciutat Vella, molts amb m\u00e9s de 40 anys, ru\u00efnes que fa tant de temps que ja formen part del paisatge com una cosa natural, amb els seus arbres i palmeres , de fet hi ha ve\u00efns, els mes joves, que no coneixen un altre paisatge.<\/p>\n<p>Volem cridar l\u2019atenci\u00f3 sobre que en realitat aquestes t\u00e0pies i aquests buits s\u00f3n anomalies urbanes que tenen un mandat d\u2019edificaci\u00f3.<\/p>\n<p>Aquest \u00e9s precisament el prop\u00f2sit d\u2019aquest itinerari, viatjar al passat, indagar sobre el seu origen i sobre el seu estat actual per imaginar-ne el possible futur, pensar-hi com una cosa necess\u00e0riament en tr\u00e0nsit i provisional.<\/p>\n","protected":false},"excerpt":{"rendered":"<p>Hui hem fet la segona de les visites guiades de l&#8217;acci\u00f3 SOLARS I MEM\u00d2RIA Hem recorregut la muralla isl\u00e0mica que serpenteja entre els carrers de la part del Carme ve\u00efna a les Torres de Serrans, hem seguit un rastre que sovint es confon, es mimetitza, amb els murs i fonaments [&#8230;]<\/p>\n","protected":false},"author":3,"featured_media":6657,"comment_status":"open","ping_status":"open","sticky":false,"template":"","format":"standard","meta":{"_acf_changed":false,"footnotes":""},"categories":[39,91],"tags":[],"class_list":["post-6656","post","type-post","status-publish","format-standard","has-post-thumbnail","hentry","category-actualitat","category-cultura-patrimoni"],"acf":[],"_links":{"self":[{"href":"https:\/\/amicsdelcarme.com\/es\/wp-json\/wp\/v2\/posts\/6656","targetHints":{"allow":["GET"]}}],"collection":[{"href":"https:\/\/amicsdelcarme.com\/es\/wp-json\/wp\/v2\/posts"}],"about":[{"href":"https:\/\/amicsdelcarme.com\/es\/wp-json\/wp\/v2\/types\/post"}],"author":[{"embeddable":true,"href":"https:\/\/amicsdelcarme.com\/es\/wp-json\/wp\/v2\/users\/3"}],"replies":[{"embeddable":true,"href":"https:\/\/amicsdelcarme.com\/es\/wp-json\/wp\/v2\/comments?post=6656"}],"version-history":[{"count":3,"href":"https:\/\/amicsdelcarme.com\/es\/wp-json\/wp\/v2\/posts\/6656\/revisions"}],"predecessor-version":[{"id":6665,"href":"https:\/\/amicsdelcarme.com\/es\/wp-json\/wp\/v2\/posts\/6656\/revisions\/6665"}],"wp:featuredmedia":[{"embeddable":true,"href":"https:\/\/amicsdelcarme.com\/es\/wp-json\/wp\/v2\/media\/6657"}],"wp:attachment":[{"href":"https:\/\/amicsdelcarme.com\/es\/wp-json\/wp\/v2\/media?parent=6656"}],"wp:term":[{"taxonomy":"category","embeddable":true,"href":"https:\/\/amicsdelcarme.com\/es\/wp-json\/wp\/v2\/categories?post=6656"},{"taxonomy":"post_tag","embeddable":true,"href":"https:\/\/amicsdelcarme.com\/es\/wp-json\/wp\/v2\/tags?post=6656"}],"curies":[{"name":"wp","href":"https:\/\/api.w.org\/{rel}","templated":true}]}}