{"id":6633,"date":"2022-10-09T13:53:28","date_gmt":"2022-10-09T11:53:28","guid":{"rendered":"https:\/\/amicsdelcarme.com\/?p=6633"},"modified":"2022-10-11T17:40:37","modified_gmt":"2022-10-11T15:40:37","slug":"qui-pot-viure-a-la-placa-del-tossal","status":"publish","type":"post","link":"https:\/\/amicsdelcarme.com\/es\/qui-pot-viure-a-la-placa-del-tossal\/","title":{"rendered":"Qui pot viure a la pla\u00e7a del Tossal?"},"content":{"rendered":"\n<p><br>Amb alegria veiem que alguns solars, despr\u00e9s d&#8217;anys de letargia, porten cam\u00ed de transformar-se en habitatges d&#8217;\u00fas residencial, com aquest a la pla\u00e7a del Tossal\/Quart. Amb alegria i l\u2019esperan\u00e7a de vore cr\u00e9ixer el nombre de fam\u00edlies que decideixen vindre a viure al centre de la ciutat.<\/p>\n<p>Per\u00f2 qui es pot animar a viure al punt m\u00e9s conflictiu de tota Ciutat Vella i, si ho fa, quant durar\u00e0?<\/p>\n<p>En aquest entorn, els son\u00f2metres trenquen les marques, la desc\u00e0rrega de begudes a qualsevol hora al mig del carrer \u00e9s habitual, ben d&#8217;hora les terrasses fan inaccessible el pas, la pestil\u00e8ncia a fritanga \u00e9s di\u00e0ria i durant la nit fins a la policia local qualifica la pla\u00e7a com a zona de guerra per les cont\u00ednues bronques que se succeeixen fins a la matinada.<\/p>\n<p>No res serveixen les restriccions, ja que senzillament no es compleixen. L\u2019ajuntament es limita a garantir el bon funcionament de l\u2019hostaleria, que no atraquen massa la gent de pas, que estiga net l\u2019espai de bon mat\u00ed i, de tant en tant, fa un gest m\u00e9s publicitari que efectiu tractant de contenir les queixes del esc\u00e0s ve\u00efnat que habita la zona.<\/p>\n<p><img loading=\"lazy\" decoding=\"async\" class=\"aligncenter wp-image-6640 size-large\" src=\"https:\/\/amicsdelcarme.com\/wp-content\/uploads\/2022\/10\/IMG_20220914_110231-1-750x400.jpg\" alt=\"\" width=\"750\" height=\"400\"><\/p>\n<p>Sembla que la recuperaci\u00f3 dels solars amb habitatges d&#8217;\u00fas residencial s&#8217;anima. Nom\u00e9s des de l&#8217;entrada en vigor del PEP s&#8217;han registrat m\u00e9s de 20 sol\u00b7licituds de rehabilitaci\u00f3 d&#8217;edificis o de nova construcci\u00f3. Podria ser una bona not\u00edcia, per\u00f2 l\u2019habitabilitat de barri no acompanya.<\/p>\n<p>L&#8217;ajuntament s&#8217;ha centrat a destacar la monumentalitat de les places emblem\u00e0tiques, per\u00f2 ignora les preocupacions dels residents. Ho comprovem als plans de mobilitat imposats a cop de molta multa i xuleria, per\u00f2 es desent\u00e9n de fer complir les ordenances en espai p\u00fablic o contaminaci\u00f3 ac\u00fastica.<\/p>\n<p>L&#8217;Ajuntament hauria de rectificar com a molt encertadament reclama la FAAVV de Val\u00e8ncia.<\/p>\n<p><img loading=\"lazy\" decoding=\"async\" class=\"alignnone size-large wp-image-6638\" src=\"https:\/\/amicsdelcarme.com\/wp-content\/uploads\/2022\/10\/IMG_20220902_130244-750x400.jpg\" alt=\"\" width=\"750\" height=\"400\"><\/p>\n<p>La turistificaci\u00f3, la colonitzaci\u00f3 per apartaments tur\u00edstics, la saturaci\u00f3 de terrasses ha d&#8217;acabar amb mesures concretes i comprovables o Ciutat Vella acabar\u00e0 sent el que es veu vindre, un mer decorat, un centre comercial perqu\u00e8 locals i forans es facen una passejada i contemplen all\u00f2 que un dia va ser el cor de la ciutat i alguns d\u2019altres facen caixa a costa de la salut dels pocs residents que encara quedem.<\/p>\n<p>Aviat tocar\u00e0 fer balan\u00e7 i ens temem que poc tindrem que explicar. Potser podrem narrar com aquesta simulaci\u00f3 de l&#8217;esquerra va donar la punteta a Ciutat Vella.<\/p>\n","protected":false},"excerpt":{"rendered":"<p>Amb alegria veiem que alguns solars, despr\u00e9s d&#8217;anys de letargia, porten cam\u00ed de transformar-se en habitatges d&#8217;\u00fas residencial, com aquest a la pla\u00e7a del Tossal\/Quart. Amb alegria i l\u2019esperan\u00e7a de vore cr\u00e9ixer el nombre de fam\u00edlies que decideixen vindre a viure al centre de la ciutat. Per\u00f2 qui es pot [&#8230;]<\/p>\n","protected":false},"author":1,"featured_media":6634,"comment_status":"open","ping_status":"open","sticky":false,"template":"","format":"standard","meta":{"_acf_changed":false,"footnotes":""},"categories":[39],"tags":[],"class_list":["post-6633","post","type-post","status-publish","format-standard","has-post-thumbnail","hentry","category-actualitat"],"acf":[],"_links":{"self":[{"href":"https:\/\/amicsdelcarme.com\/es\/wp-json\/wp\/v2\/posts\/6633","targetHints":{"allow":["GET"]}}],"collection":[{"href":"https:\/\/amicsdelcarme.com\/es\/wp-json\/wp\/v2\/posts"}],"about":[{"href":"https:\/\/amicsdelcarme.com\/es\/wp-json\/wp\/v2\/types\/post"}],"author":[{"embeddable":true,"href":"https:\/\/amicsdelcarme.com\/es\/wp-json\/wp\/v2\/users\/1"}],"replies":[{"embeddable":true,"href":"https:\/\/amicsdelcarme.com\/es\/wp-json\/wp\/v2\/comments?post=6633"}],"version-history":[{"count":5,"href":"https:\/\/amicsdelcarme.com\/es\/wp-json\/wp\/v2\/posts\/6633\/revisions"}],"predecessor-version":[{"id":6650,"href":"https:\/\/amicsdelcarme.com\/es\/wp-json\/wp\/v2\/posts\/6633\/revisions\/6650"}],"wp:featuredmedia":[{"embeddable":true,"href":"https:\/\/amicsdelcarme.com\/es\/wp-json\/wp\/v2\/media\/6634"}],"wp:attachment":[{"href":"https:\/\/amicsdelcarme.com\/es\/wp-json\/wp\/v2\/media?parent=6633"}],"wp:term":[{"taxonomy":"category","embeddable":true,"href":"https:\/\/amicsdelcarme.com\/es\/wp-json\/wp\/v2\/categories?post=6633"},{"taxonomy":"post_tag","embeddable":true,"href":"https:\/\/amicsdelcarme.com\/es\/wp-json\/wp\/v2\/tags?post=6633"}],"curies":[{"name":"wp","href":"https:\/\/api.w.org\/{rel}","templated":true}]}}