{"id":6609,"date":"2022-09-24T19:38:19","date_gmt":"2022-09-24T17:38:19","guid":{"rendered":"https:\/\/amicsdelcarme.com\/?p=6609"},"modified":"2022-09-25T22:50:21","modified_gmt":"2022-09-25T20:50:21","slug":"solares-recordando-el-pasado-para-imaginar-el-futuro","status":"publish","type":"post","link":"https:\/\/amicsdelcarme.com\/es\/solares-recordando-el-pasado-para-imaginar-el-futuro\/","title":{"rendered":"Solares, recordando el pasado para imaginar el futuro"},"content":{"rendered":"\n<p><br>Hoy ha arrancado la primera de las visitas guiadas del proyecto Solares y Memoria de Amics del Carme.<\/p>\n<p>El prop\u00f3sito ha sido recorrer algunos de los solares que salpican Ciutat Vella, ruinas que llevan as\u00ed tanto tiempo que ya forman parte del paisaje como algo natural, con sus \u00e1rboles y palmeras, hay vecinos que no conocen otro.<\/p>\n<p>Pero en realidad esas tapias y esos huecos son anomal\u00edas urbanas sobre las que pesa un mandato de edificaci\u00f3n.<\/p>\n<p>Este es precisamente el prop\u00f3sito de este itinerario, viajar al pasado, indagar sobre su origen y sobre su estado actual para imaginar su posible futuro, pensar en ellos como algo necesariamente en tr\u00e1nsito y provisional.<\/p>\n<p>Este recorrido ha comenzado esta ma\u00f1ana precisamente desde el jard\u00edn del IVAM y no es nada casual pues este lugar tiene para Amics del Carme muchos significados.<\/p>\n<p>En primer lugar, rendir homenaje a las 46 familias afectadas por el proyecto de convertir el IVAM en un museo monumental<\/p>\n<p>El 6 de diciembre de 2008, hace 14 a\u00f1os, aprovechando el puente para hacer la mudanza a su nueva vivienda, sali\u00f3 de su casa la \u00faltima de las 19 familias que se opusieron activamente a la expropiaci\u00f3n de su vivienda. Tras mucho batallar consiguieron el derecho al realojo en el barrio y un precio m\u00e1s justo.<\/p>\n<p>La historia reciente de Ciutat Vella es una historia de \u00e9xodos, como veremos a lo largo de estas visitas, este solo es uno m\u00e1s y tampoco el \u00faltimo. Pero bien que se merecen el recuerdo de su testimonio, de resistencia frente a la arbitrariedad.<br><br><img loading=\"lazy\" decoding=\"async\" class=\"aligncenter wp-image-6547 size-full\" src=\"https:\/\/amicsdelcarme.com\/wp-content\/uploads\/2022\/09\/solars-i-memoria-WEB.jpg\" alt=\"\" width=\"1413\" height=\"570\" srcset=\"https:\/\/amicsdelcarme.com\/wp-content\/uploads\/2022\/09\/solars-i-memoria-WEB.jpg 1413w, https:\/\/amicsdelcarme.com\/wp-content\/uploads\/2022\/09\/solars-i-memoria-WEB-300x121.jpg 300w, https:\/\/amicsdelcarme.com\/wp-content\/uploads\/2022\/09\/solars-i-memoria-WEB-768x310.jpg 768w, https:\/\/amicsdelcarme.com\/wp-content\/uploads\/2022\/09\/solars-i-memoria-WEB-264x106.jpg 264w, https:\/\/amicsdelcarme.com\/wp-content\/uploads\/2022\/09\/solars-i-memoria-WEB-600x242.jpg 600w\" sizes=\"auto, (max-width: 1413px) 100vw, 1413px\" \/><\/p>\n<h4>\u00bfPero he dicho jard\u00edn? \u00bfEsto es solar o es jard\u00edn?<\/h4>\n<p>No nos dejemos enga\u00f1ar por las apariencias, administrativamente hablando esto es, todo \u00e9l, un solar, el solar del IVAM con su bien historiada medianera por si quedaba alguna duda. Un solar calificado urban\u00edsticamente como dotacional cultural-educativo<\/p>\n<p>Y como tal encierra el mandato legal de ser edificado.<\/p>\n<p>Sin embargo, no parece que haya proyecto a la vista, incluso el modelo de mega museo como s\u00edmbolo est\u00e1 descartado a estas alturas.<\/p>\n<p>Esta ser\u00eda pues otra de las razones para comenzar por aqu\u00ed este viaje al pasado.<\/p>\n<p>Un solar que, para dejar de serlo, debe buscar una soluci\u00f3n intermedia. Una soluci\u00f3n que ofrezca alguna utilidad para los que vivimos en su entorno y para el propio museo mientras encuentra su encaje definitivo.<\/p>\n<p>Este solar es una deuda con la ciudadan\u00eda y a la vez tambi\u00e9n una posible ventana para otros casos similares.En 1950 Ciutat Vella contaba con 100.000 personas, una quinta parte de la ciudad viv\u00edan intramuros, y tras la riada del 57 la poblaci\u00f3n se fue reduciendo hasta llegar a los 27.000 actuales.<\/p>\n<p>Eso explica en buena medida el paisaje de casas y f\u00e1bricas en ruinas dominante en algunos rincones. Desde entonces, el \u00e9xodo poblacional y el deterioro de la edificaci\u00f3n fue de tal magnitud que unos tras otro todos los planes dise\u00f1ados fueron fracasando en mayor o menor medida.<\/p>\n<p>En los pr\u00f3ximos d\u00edas seguiremos recorriendo las calles de Ciutat Vella contando historias de algunos de estos lugares an\u00f3nimos y aparentemente anodinos, os animamos a participar, a imaginar otra Ciutat Vella.<\/p>\n","protected":false},"excerpt":{"rendered":"<p>Hoy ha arrancado la primera de las visitas guiadas del proyecto Solares y Memoria de Amics del Carme. El prop\u00f3sito ha sido recorrer algunos de los solares que salpican Ciutat Vella, ruinas que llevan as\u00ed tanto tiempo que ya forman parte del paisaje como algo natural, con sus \u00e1rboles y [&#8230;]<\/p>\n","protected":false},"author":1,"featured_media":6593,"comment_status":"open","ping_status":"open","sticky":false,"template":"","format":"standard","meta":{"_acf_changed":false,"footnotes":""},"categories":[72,92,1],"tags":[],"class_list":["post-6609","post","type-post","status-publish","format-standard","has-post-thumbnail","hentry","category-actualitat-es","category-cultura-patrimonio","category-urbanismo"],"acf":[],"_links":{"self":[{"href":"https:\/\/amicsdelcarme.com\/es\/wp-json\/wp\/v2\/posts\/6609","targetHints":{"allow":["GET"]}}],"collection":[{"href":"https:\/\/amicsdelcarme.com\/es\/wp-json\/wp\/v2\/posts"}],"about":[{"href":"https:\/\/amicsdelcarme.com\/es\/wp-json\/wp\/v2\/types\/post"}],"author":[{"embeddable":true,"href":"https:\/\/amicsdelcarme.com\/es\/wp-json\/wp\/v2\/users\/1"}],"replies":[{"embeddable":true,"href":"https:\/\/amicsdelcarme.com\/es\/wp-json\/wp\/v2\/comments?post=6609"}],"version-history":[{"count":2,"href":"https:\/\/amicsdelcarme.com\/es\/wp-json\/wp\/v2\/posts\/6609\/revisions"}],"predecessor-version":[{"id":6611,"href":"https:\/\/amicsdelcarme.com\/es\/wp-json\/wp\/v2\/posts\/6609\/revisions\/6611"}],"wp:featuredmedia":[{"embeddable":true,"href":"https:\/\/amicsdelcarme.com\/es\/wp-json\/wp\/v2\/media\/6593"}],"wp:attachment":[{"href":"https:\/\/amicsdelcarme.com\/es\/wp-json\/wp\/v2\/media?parent=6609"}],"wp:term":[{"taxonomy":"category","embeddable":true,"href":"https:\/\/amicsdelcarme.com\/es\/wp-json\/wp\/v2\/categories?post=6609"},{"taxonomy":"post_tag","embeddable":true,"href":"https:\/\/amicsdelcarme.com\/es\/wp-json\/wp\/v2\/tags?post=6609"}],"curies":[{"name":"wp","href":"https:\/\/api.w.org\/{rel}","templated":true}]}}