{"id":6479,"date":"2022-06-28T12:00:32","date_gmt":"2022-06-28T10:00:32","guid":{"rendered":"https:\/\/amicsdelcarme.com\/?p=6479"},"modified":"2022-06-28T12:01:42","modified_gmt":"2022-06-28T10:01:42","slug":"els-terrorifics-mesos-de-ciutat-vella","status":"publish","type":"post","link":"https:\/\/amicsdelcarme.com\/es\/els-terrorifics-mesos-de-ciutat-vella\/","title":{"rendered":"Els terror\u00edfics mesos de Ciutat Vella"},"content":{"rendered":"\n<p><br>Qu\u00e8 ens passa al ve\u00efnat de Ciutat Vella que cada vegada ens agrada m\u00e9s el mes de gener o els dies de tempesta? La resposta \u00e9s senzilla: s\u00f3n dies de poc turisme i el fred o l\u2019aigua animen a prendre la canya dins del local i no en una sorollosa terrassa. En alguns moments, fins i tot, es respira calma.<\/p>\n<p>Amb l\u2019arribada del bon temps s\u2019inicien els terror\u00edfics mesos per al ve\u00efnat de Ciutat Vella, quan el turisme depredador, les terrasses cridaneres, les borratxeres i els sorolls s\u2019apoderen del cor de la ciutat, fent impossible el dret al descans cap dia de la setmana.<\/p>\n<p>Encara que els nostres governants no assumeixen la realitat (o no volen?), qualsevol ve\u00ed del centre podr\u00e0 narrar l\u2019evoluci\u00f3 dels barris hist\u00f2rics en els \u00faltims anys: cada cop m\u00e9s apartaments tur\u00edstics il\u00b7legals, m\u00e9s terrasses sorolloses, m\u00e9s rius de borratxos a qualsevol hora del dia, m\u00e9s acomiadaments de solters i m\u00e9s xarangues (algunes subvencionades per la regidora Pilar Bernab\u00e9. Que l\u2019Ajuntament vincule la recuperaci\u00f3 econ\u00f2mica d\u2019un barri a un espectacle de xaranga ja \u00e9s tota una declaraci\u00f3 d\u2019intencions). En resum, uns barris hist\u00f2rics cada vegada m\u00e9s asfixiats per la gentrificaci\u00f3 i el turisme de masses, amb la conseq\u00fcent manca de serveis i la pujada dels preus del lloguer i de l\u2019habitatge.<\/p>\n<p>Revertir esta situaci\u00f3 i no deixar el futur de barris com el Carme, el Mercat, Velluters o Seu-Xerea al capritx del negoci tur\u00edstic o dels fons voltor d\u2019especulaci\u00f3 immobili\u00e0ria requereix de pol\u00edtiques p\u00fabliques valentes: cal un marc jur\u00eddic ad hoc per fomentar el car\u00e0cter residencial d\u2019estos barris. Ni molt menys estem en contra del turisme o l\u2019hostaleria: a tothom ens agrada viatjar o gaudir d\u2019una bona terrassa, per\u00f2 quan l\u2019exc\u00e9s i el descontrol d\u2019estes activitats estan minvant cada dia m\u00e9s la qualitat de vida dels residents, fent impossible el desenvolupament normal del seu projecte de vida, cal que actuen els poders p\u00fablics per a protegir el m\u00e9s d\u00e8bil. Altrament, el nostre casc antic acabar\u00e0 sent, si no ho \u00e9s ja, un parc tem\u00e0tic al servei dels interessos econ\u00f2mics d\u2019uns pocs.<\/p>\n<p>De moment, tenim l\u2019ocupaci\u00f3 irregular (i amb total impunitat) de l\u2019espai p\u00fablic per part dels hostalers amb terrasses i contenidors de fem privats i una ordenan\u00e7a feta pel PP al gust dels bars (que el govern actual no ha canviat); pubs i bars incomplint cada dia l\u2019horari legal de tancament sense rebre cap multa; m\u00e9s pisos tur\u00edstics il\u00b7legals amb ordres de clausura que no s\u2019executen mentre els amos continuen omplint-se les butxaques amb activitats sense llic\u00e8ncia; descontrol absolut en la c\u00e0rrega i desc\u00e0rrega, amb camions de subministrament col\u00b7lapsant les places i carrers 24h al dia sense rebre cap sanci\u00f3 i sent el nostre despertador habitual; una APR (\u00c0rea de Prioritat Residencial) que es queda menuda, parteix el districte en dos i \u00e9s f\u00e0cilment esquivable per als vehicles sense autoritzaci\u00f3 (per a quan m\u00e9s c\u00e0meres i una ampliaci\u00f3 de l\u2019APR?); m\u00e9s hotels i zero avan\u00e7os en habitatge protegit i aprofitament de solars; botellots (incl\u00f2s en les escales dels edificis patrimonials protegits).<\/p>\n<p>La ci\u00e8ncia acredita que una conversa entre nom\u00e9s quatre persones en una terrassa genera sorolls superiors als l\u00edmits legals permesos a l&#8217;exterior. Per tant, aplicant estrictament les normes de contaminaci\u00f3 ac\u00fastica, aquestes terrasses (com a activitats econ\u00f2miques) no podrien establir-se ni tan sols en \u00e0rees d&#8217;\u00fas industrial, on el l\u00edmit perm\u00e9s \u00e9s superior. Si els l\u00edmits es sobrepassen en quatre persones, poden imaginar-se qu\u00e8 est\u00e0 passant a les places del Negrito, Tossal, Collado, Rodona o carrers com Mestre Clav\u00e9, on el n\u00famero de persones dinant, sopant o prenent copes es compten per desenes i poden f\u00e0cilment passar el centenar: no hi ha material ni finestra que a\u00eflle eixos decibels, com ja ha denunciat Juristas contra el Ruido. Senyors regidors Grezzi, Cano i Beamud: per favor, prenguen el tema seriosament. Deixen de considerar les terrasses com a activitats inn\u00f2cues i canvien les normes municipals: el soroll est\u00e0 minvant la nostra salut.<\/p>\n<p>Tanmateix, si la Regidoria d\u2019Espai P\u00fablic de Luc\u00eda Beamud nom\u00e9s es limita a estirar la normativa per a autoritzar i embotir les terrasses (incl\u00fas en les carrers i voreres m\u00e9s estretes) i no s\u2019aplica mai cap mesura correctora per a alliberar les zones m\u00e9s saturades de taules i cadires, segur que elevar al Ple una nova ordenan\u00e7a m\u00e9s equitativa per a l\u2019\u00fas de l\u2019espai p\u00fablic (que respecte els drets de vianants i residents) els semblar\u00e0 ci\u00e8ncia ficci\u00f3.<\/p>\n<p>En declaracions recents al Levante-EMV, el departament de la vicealcaldessa Sandra G\u00f3mez afirmava que \u201cen 2021 s\u2019obriren 72 expedients de restauraci\u00f3 de la legalitat urban\u00edstica per \u00fas il\u00b7legal de pisos com a apartaments tur\u00edstics del centre hist\u00f2ric i es determinaren 37 cessaments d\u2019activitat\u201d. \u00c9s el joc de la manipulaci\u00f3 de les xifres: una cosa \u00e9s la resoluci\u00f3 del cessament d\u2019activitat i altra ben diferent el compliment real de la mateixa resoluci\u00f3. Estem detectant que l\u2019Ajuntament \u00e9s incapa\u00e7 de fer complir les seues pr\u00f2pies ordres de cessament i que apartaments tur\u00edstics contra els que recauen resolucions de clausura continuen funcionant i fent caixa amb total impunitat. El cessament real tarda anys, mentre les multes per la no execuci\u00f3 dels decrets o per falta de llic\u00e8ncia acaben perdent-se pel cam\u00ed per la inactivitat municipal.<\/p>\n<p>Per\u00f2 mentre que l\u2019Ajuntament no pot (o no vol) fer complir les ordres de cessament d\u2019activitat d\u2019aquells apartaments tur\u00edstics que no estan en un primer pis, el regidor Emiliano Garc\u00eda vol obrir la m\u00e0 a que podran ser tur\u00edstics durant 60 dies anuals aquells que necess\u00e0riament no estan en una primera altura. El m\u00f3n al rev\u00e9s: necessitem una legislaci\u00f3 m\u00e9s combativa contra la turistificaci\u00f3 i tanmateix Garc\u00eda vol rebaixar-la. La pregunta \u00e9s: si l\u2019Ajuntament ja no pot posar seny en la normativa actual, com ho far\u00e0 amb altra m\u00e9s laxa? Estar\u00e0 Emiliano a la porta dels apartaments tur\u00edstics comptant els dies que funcionen com a tals o evitant les festes amb alcohol que al seu interior es celebren? Qui ho controlar\u00e0? Amb esta mentalitat, com s\u2019han plantejaran pol\u00edtiques de canvi m\u00e9s innovadores i efectives?<\/p>\n<p>Despr\u00e9s de quasi set anys que Rita Barber\u00e0 va deixar l\u2019alcaldia podem constatar el frac\u00e0s de les pol\u00edtiques del govern del Rialto vers la millora del car\u00e0cter residencial de Ciutat Vella, la lluita contra el turisme depredador, la no privatitzaci\u00f3 de l\u2019espai p\u00fablic i la consecuci\u00f3 de major qualitat de vida del ve\u00efnat. Mentre que s\u2019han renovat les principals places que visita el turisme (Ajuntament, Reina i Mercat Central), els habitants ens quedem perplexos preguntant-nos: quan ens tocar\u00e0 a nosaltres? Ser\u00e0 curi\u00f3s saber qu\u00e8 invocaran per a demanar-nos el vot. Qui sap si realment el que estan esperant \u00e9s el vot dels turistes i de les organitzacions empresarials. Qui sap si, ja que cada dia viu menys gent a Ciutat Vella, electoralment no importem.<\/p>\n<p>S\u00f3n necess\u00e0ries pol\u00edtiques de discriminaci\u00f3 positiva per a garantir l\u2019habitabilitat del casc antic i uns serveis de barri. No es tracta d\u2019egoisme (com diuen alguns amb interessos econ\u00f2mics al centre) sin\u00f3 d\u2019una crida per un posicionament pol\u00edtic en favor de les persones. Si l\u2019Ajuntament no fa res, el resultat ja l\u2019estem veient. Mentre el govern municipal decideix si pren partit o no, el ve\u00efnat seguirem esperant amb impaci\u00e8ncia l\u2019arribada del mes de gener o de dies de pluja per a poder descansar o gaudir del \u201c<em>luxe<\/em>\u201d de llegir un llibre en el sal\u00f3 de casa nostra amb les finestres obertes.<\/p>\n","protected":false},"excerpt":{"rendered":"<p>Qu\u00e8 ens passa al ve\u00efnat de Ciutat Vella que cada vegada ens agrada m\u00e9s el mes de gener o els dies de tempesta? La resposta \u00e9s senzilla: s\u00f3n dies de poc turisme i el fred o l\u2019aigua animen a prendre la canya dins del local i no en una sorollosa [&#8230;]<\/p>\n","protected":false},"author":3,"featured_media":6480,"comment_status":"open","ping_status":"open","sticky":false,"template":"","format":"standard","meta":{"_acf_changed":false,"footnotes":""},"categories":[39],"tags":[],"class_list":["post-6479","post","type-post","status-publish","format-standard","has-post-thumbnail","hentry","category-actualitat"],"acf":[],"_links":{"self":[{"href":"https:\/\/amicsdelcarme.com\/es\/wp-json\/wp\/v2\/posts\/6479","targetHints":{"allow":["GET"]}}],"collection":[{"href":"https:\/\/amicsdelcarme.com\/es\/wp-json\/wp\/v2\/posts"}],"about":[{"href":"https:\/\/amicsdelcarme.com\/es\/wp-json\/wp\/v2\/types\/post"}],"author":[{"embeddable":true,"href":"https:\/\/amicsdelcarme.com\/es\/wp-json\/wp\/v2\/users\/3"}],"replies":[{"embeddable":true,"href":"https:\/\/amicsdelcarme.com\/es\/wp-json\/wp\/v2\/comments?post=6479"}],"version-history":[{"count":4,"href":"https:\/\/amicsdelcarme.com\/es\/wp-json\/wp\/v2\/posts\/6479\/revisions"}],"predecessor-version":[{"id":6489,"href":"https:\/\/amicsdelcarme.com\/es\/wp-json\/wp\/v2\/posts\/6479\/revisions\/6489"}],"wp:featuredmedia":[{"embeddable":true,"href":"https:\/\/amicsdelcarme.com\/es\/wp-json\/wp\/v2\/media\/6480"}],"wp:attachment":[{"href":"https:\/\/amicsdelcarme.com\/es\/wp-json\/wp\/v2\/media?parent=6479"}],"wp:term":[{"taxonomy":"category","embeddable":true,"href":"https:\/\/amicsdelcarme.com\/es\/wp-json\/wp\/v2\/categories?post=6479"},{"taxonomy":"post_tag","embeddable":true,"href":"https:\/\/amicsdelcarme.com\/es\/wp-json\/wp\/v2\/tags?post=6479"}],"curies":[{"name":"wp","href":"https:\/\/api.w.org\/{rel}","templated":true}]}}