{"id":6461,"date":"2022-06-28T10:23:53","date_gmt":"2022-06-28T08:23:53","guid":{"rendered":"https:\/\/amicsdelcarme.com\/?p=6461"},"modified":"2022-06-28T10:29:30","modified_gmt":"2022-06-28T08:29:30","slug":"un-lloc-per-quedar-se","status":"publish","type":"post","link":"https:\/\/amicsdelcarme.com\/es\/un-lloc-per-quedar-se\/","title":{"rendered":"Un lloc per quedar-se"},"content":{"rendered":"\n<h4>Projectes de l\u2019Escola d\u2019Art i Superior de Disseny de Val\u00e8ncia<\/h4>\n<p>Presentem amb aquesta exposici\u00f3 el resultat de la primera fase d\u2019un projecte formatiu i creatiu. Ha sigut gr\u00e0cies a col\u00b7laboraci\u00f3 a tres bandes entre la Junta de Districte de Ciutat Vella de Val\u00e8ncia, l\u2019Escola d\u2019Art i Superior de Disseny de Val\u00e8ncia i les associacions de ve\u00efns i comerciants Amics del Carme i Amics de Velluters.<\/p>\n<p>S\u2019exposen huit projectes presentats per l\u2019alumnat de disseny de l\u2019assignatura <em>Iniciaci\u00f3 al disseny param\u00e8tric<\/em> en els quals han observat diversos objectius o aspectes directors que compleixen els projectes presentats:<\/p>\n<ul>\n<li>realitzar un disseny ef\u00edmer.<\/li>\n<li>ocupar l\u2019espai p\u00fablic amb un objecte perible i temporal.<\/li>\n<li>utilitzar materials amb la regla de les tres erres: reduir, reutilitzar, reciclar.<\/li>\n<li>dissenyar mobiliari urb\u00e0 pensat per al districte de Ciutat Vella.<\/li>\n<li>activar l\u2019espai p\u00fablic del centre hist ric de Val\u00e8ncia amb un \u00fas social.<\/li>\n<li>promoure la col\u00b7laboraci\u00f3 institucional, acad\u00e8mica i ve\u00efnal en un projecte com\u00fa.<\/li>\n<li>estimular l\u2019\u00fas de l\u2019espai p\u00fablic per part de la ciutadania.<\/li>\n<li>executar dissenys de mobiliari urb\u00e0 que siguen viables comercialment.<\/li>\n<\/ul>\n<p>Durant el temps d\u2019exposici\u00f3 al Centre del Carme Cultura Contempor\u00e0nia es constituir\u00e0 un tribunal que avaluar\u00e0 els projectes i establir\u00e0 un ordre de projectes guanyadors que complisquen els objectius marcats en quant a sostenibilitat, usabilitat i durabilitat.<\/p>\n<p>El projecte guanyador d\u2019aquesta primera convocat ria ser\u00e0 produ\u00eft com a objecte \u00fanic. Es tractar\u00e0 com a mobiliari urb\u00e0, \u00fatil i utilitzable per la ciutadania. S\u2019exposar\u00e0 en l\u2019espai p\u00fablic (en places de Ciutat Vella com la del Patriarca, de Viriat o del Pilar) durant el termini establert per a l\u2019\u00fas i gaudi de la ciutadania.<\/p>\n<p><img loading=\"lazy\" decoding=\"async\" class=\"aligncenter wp-image-6462 size-full\" src=\"https:\/\/amicsdelcarme.com\/wp-content\/uploads\/2022\/06\/Lloc_2.png\" alt=\"\" width=\"1041\" height=\"1476\" srcset=\"https:\/\/amicsdelcarme.com\/wp-content\/uploads\/2022\/06\/Lloc_2.png 1041w, https:\/\/amicsdelcarme.com\/wp-content\/uploads\/2022\/06\/Lloc_2-212x300.png 212w, https:\/\/amicsdelcarme.com\/wp-content\/uploads\/2022\/06\/Lloc_2-768x1089.png 768w\" sizes=\"auto, (max-width: 1041px) 100vw, 1041px\" \/><\/p>\n<p>\u00c9s, doncs, una oportunitat perfecta perqu\u00e8 els i les estudiants de l\u2019Escola de Disseny visibilitzen la possibilitat que els seus projectes i dissenys s\u00f3n viables i que poden executarse per utilitzar-se en un \u00e0mbit urb\u00e0.<\/p>\n<p>L\u2019acte d\u2019inauguraci\u00f3 del <strong>divendres dia 01\/07<\/strong> a les 12.30h., comptar\u00e0 amb la participaci\u00f3 de Luc\u00eda Beamud, regidora d\u2019Espai P\u00fablic; Rosa Esteban, directora de l\u2019EASDV; Joan Gregori, vocal del Consell de Districte de Ciutat Vella; Jos\u00e9 Luis P\u00e9rez Pont, director del Consorci de Museus de la Comunitat Valenciana i representants de les associacions ve\u00efnals Amics de Velluters i Amics del Carme.<\/p>\n","protected":false},"excerpt":{"rendered":"<p>Presentem amb aquesta exposici\u00f3 el resultat de la primera fase d\u2019un projecte formatiu i creatiu. Ha sigut gr\u00e0cies a col\u00b7laboraci\u00f3 a tres bandes entre la Junta de Districte de Ciutat Vella de Val\u00e8ncia, l\u2019Escola d\u2019Art i Superior de Disseny de Val\u00e8ncia i les associacions de ve\u00efns i comerciants Amics del Carme i Amics de Velluters.<\/p>\n","protected":false},"author":3,"featured_media":6464,"comment_status":"open","ping_status":"open","sticky":false,"template":"","format":"standard","meta":{"_acf_changed":false,"footnotes":""},"categories":[39],"tags":[],"class_list":["post-6461","post","type-post","status-publish","format-standard","has-post-thumbnail","hentry","category-actualitat"],"acf":[],"_links":{"self":[{"href":"https:\/\/amicsdelcarme.com\/es\/wp-json\/wp\/v2\/posts\/6461","targetHints":{"allow":["GET"]}}],"collection":[{"href":"https:\/\/amicsdelcarme.com\/es\/wp-json\/wp\/v2\/posts"}],"about":[{"href":"https:\/\/amicsdelcarme.com\/es\/wp-json\/wp\/v2\/types\/post"}],"author":[{"embeddable":true,"href":"https:\/\/amicsdelcarme.com\/es\/wp-json\/wp\/v2\/users\/3"}],"replies":[{"embeddable":true,"href":"https:\/\/amicsdelcarme.com\/es\/wp-json\/wp\/v2\/comments?post=6461"}],"version-history":[{"count":3,"href":"https:\/\/amicsdelcarme.com\/es\/wp-json\/wp\/v2\/posts\/6461\/revisions"}],"predecessor-version":[{"id":6468,"href":"https:\/\/amicsdelcarme.com\/es\/wp-json\/wp\/v2\/posts\/6461\/revisions\/6468"}],"wp:featuredmedia":[{"embeddable":true,"href":"https:\/\/amicsdelcarme.com\/es\/wp-json\/wp\/v2\/media\/6464"}],"wp:attachment":[{"href":"https:\/\/amicsdelcarme.com\/es\/wp-json\/wp\/v2\/media?parent=6461"}],"wp:term":[{"taxonomy":"category","embeddable":true,"href":"https:\/\/amicsdelcarme.com\/es\/wp-json\/wp\/v2\/categories?post=6461"},{"taxonomy":"post_tag","embeddable":true,"href":"https:\/\/amicsdelcarme.com\/es\/wp-json\/wp\/v2\/tags?post=6461"}],"curies":[{"name":"wp","href":"https:\/\/api.w.org\/{rel}","templated":true}]}}