{"id":6381,"date":"2022-05-28T20:23:06","date_gmt":"2022-05-28T18:23:06","guid":{"rendered":"https:\/\/amicsdelcarme.com\/?p=6381"},"modified":"2022-06-05T02:40:43","modified_gmt":"2022-06-05T00:40:43","slug":"visc-en-una-zona-turisticament-saturada-expliquens-la-seua-percepcio","status":"publish","type":"post","link":"https:\/\/amicsdelcarme.com\/es\/visc-en-una-zona-turisticament-saturada-expliquens-la-seua-percepcio\/","title":{"rendered":"\u00bfVIVO EN UNA ZONA TUR\u00cdSTICAMENTE SATURADA? CU\u00c9NTENOS SU PERCEPCI\u00d3N"},"content":{"rendered":"\n<p><br>Es innegable que la saturaci\u00f3n tur\u00edstica es ahora mismo un problema a nivel global en constante crecimiento y la cantidad en masa de viajeros da\u00f1a al lugar de acogida temporal, cosa que implica la p\u00e9rdida de su esencia, de las caracter\u00edsticas que los hacen \u00fanicos, adem\u00e1s de hacernos la vida un poco mas dif\u00edcil a los residentes.<\/p>\n<p>Hacer una gesti\u00f3n adecuada para evitar la saturaci\u00f3n tur\u00edstica es un asunto prioritario y muchas ciudades ya llevan tiempo mostrando inter\u00e9s por tratar de poner soluci\u00f3n a esta situaci\u00f3n, aunque, evidentemente, cambiar el modelo tur\u00edstico que ha imperado tantos a\u00f1os no es tan sencillo.<\/p>\n<p>Durante a\u00f1os, el auge del turismo ha ido, generalmente, de la mano de mejoras a nivel econ\u00f3mico y social para la poblaci\u00f3n local donde se desarrollaba esta actividad. Tanto ha sido su crecimiento, que hoy en d\u00eda millones y millones de personas en el mundo son turistas una o varias veces al a\u00f1o. Pero al mismo tiempo, gracias, entre otros aspectos, a la venta tan idealizada y pr\u00e1cticamente como parque de atracciones de muchos destinos tur\u00edsticos, el turismo tambi\u00e9n ha causado y contin\u00faa causando un n\u00famero importante de problemas, vi\u00e9ndose afectados los habitantes de estos lugares. Es por ello, que las pol\u00edticas p\u00fablicas tur\u00edsticas deber\u00edan aspirar al equilibrio y a facilitar la convivencia entre turismo, residentes y medio ambiente.<\/p>\n<p>Amics del Carme, gracias a la colaboraci\u00f3n de la estudiante del M\u00e1ster en Direcci\u00f3n y Planificaci\u00f3n del Turismo de la Universitat de Val\u00e8ncia, que realiza sus pr\u00e1cticas en nuestra asociaci\u00f3n, hemos emprendido un proyecto de investigaci\u00f3n sobre la percepci\u00f3n del turismo y c\u00f3mo medir la saturaci\u00f3n tur\u00edstica de algunos barrios de Ciutat Vella<\/p>\n<p>Con este proyecto queremos analizar la visi\u00f3n de la ciudadan\u00eda que vive en estos barrios en relaci\u00f3n con el turismo y el impacto que les genera. El objetivo es encontrar indicadores que nos ayuden a identificar las zonas que est\u00e1n tur\u00edsticamente saturadas.<\/p>\n<p>Os invitamos a colaborar respondiendo a la sencilla y breve encuesta que encontrar\u00e9is en el enlace siguiente:<\/p>\n<p><span style=\"background-color: #ccffff;\"><strong><a style=\"background-color: #ccffff;\" href=\"https:\/\/forms.gle\/m95zvJk87Am9HZweA\">https:\/\/forms.gle\/m95zvJk87Am9HZweA<\/a><\/strong><\/span><\/p>\n<p>Informaremos sobre el proyecto a medida que obtengamos los datos.<\/p>\n<p>Gracias por tu participaci\u00f3n.<\/p>\n\n\n\n<p>&nbsp;<\/p>\n<p>&nbsp;<\/p>\n","protected":false},"excerpt":{"rendered":"<p>Amics del Carme, gracias a la colaboraci\u00f3n de la estudiante del M\u00e1ster en Direcci\u00f3n y Planificaci\u00f3n del Turismo de la Universitat de Val\u00e8ncia, que realiza sus pr\u00e1cticas en nuestra asociaci\u00f3n, hemos emprendido un proyecto de investigaci\u00f3n sobre la percepci\u00f3n del turismo y c\u00f3mo medir la saturaci\u00f3n tur\u00edstica de algunos barrios de Ciutat Vella.<br \/>\nOs invitamos a colaborar respondiendo a la sencilla y breve encuesta que encontrar\u00e9is en el enlace<\/p>\n","protected":false},"author":1,"featured_media":6383,"comment_status":"open","ping_status":"open","sticky":false,"template":"","format":"standard","meta":{"_acf_changed":false,"footnotes":""},"categories":[72],"tags":[],"class_list":["post-6381","post","type-post","status-publish","format-standard","has-post-thumbnail","hentry","category-actualitat-es"],"acf":[],"_links":{"self":[{"href":"https:\/\/amicsdelcarme.com\/es\/wp-json\/wp\/v2\/posts\/6381","targetHints":{"allow":["GET"]}}],"collection":[{"href":"https:\/\/amicsdelcarme.com\/es\/wp-json\/wp\/v2\/posts"}],"about":[{"href":"https:\/\/amicsdelcarme.com\/es\/wp-json\/wp\/v2\/types\/post"}],"author":[{"embeddable":true,"href":"https:\/\/amicsdelcarme.com\/es\/wp-json\/wp\/v2\/users\/1"}],"replies":[{"embeddable":true,"href":"https:\/\/amicsdelcarme.com\/es\/wp-json\/wp\/v2\/comments?post=6381"}],"version-history":[{"count":5,"href":"https:\/\/amicsdelcarme.com\/es\/wp-json\/wp\/v2\/posts\/6381\/revisions"}],"predecessor-version":[{"id":6409,"href":"https:\/\/amicsdelcarme.com\/es\/wp-json\/wp\/v2\/posts\/6381\/revisions\/6409"}],"wp:featuredmedia":[{"embeddable":true,"href":"https:\/\/amicsdelcarme.com\/es\/wp-json\/wp\/v2\/media\/6383"}],"wp:attachment":[{"href":"https:\/\/amicsdelcarme.com\/es\/wp-json\/wp\/v2\/media?parent=6381"}],"wp:term":[{"taxonomy":"category","embeddable":true,"href":"https:\/\/amicsdelcarme.com\/es\/wp-json\/wp\/v2\/categories?post=6381"},{"taxonomy":"post_tag","embeddable":true,"href":"https:\/\/amicsdelcarme.com\/es\/wp-json\/wp\/v2\/tags?post=6381"}],"curies":[{"name":"wp","href":"https:\/\/api.w.org\/{rel}","templated":true}]}}