{"id":6098,"date":"2022-01-29T18:03:05","date_gmt":"2022-01-29T17:03:05","guid":{"rendered":"https:\/\/amicsdelcarme.com\/?p=6098"},"modified":"2022-01-29T18:16:54","modified_gmt":"2022-01-29T17:16:54","slug":"vecindario-y-la-administracion-comprometidos-en-la-mejora-del-barrio-del-pilar","status":"publish","type":"post","link":"https:\/\/amicsdelcarme.com\/es\/vecindario-y-la-administracion-comprometidos-en-la-mejora-del-barrio-del-pilar\/","title":{"rendered":"Vecindario y la administraci\u00f3n comprometidos en la mejora del barrio del Pilar"},"content":{"rendered":"\n<h3>Constituida la Mesa de di\u00e1logo de Velluters<\/h3>\n<p>El pasado mi\u00e9rcoles 26 de enero de 2022 se constituy\u00f3 la Mesa de Di\u00e1logo de Velluters largamente demandada por asociaciones vecinales de los barrios de Velluters y del Carme para poder conseguir una soluci\u00f3n a los continuados problemas de seguridad, salubridad y dignidad de las personas que existen en la conocida como <strong>Zona 0 de Velluters<\/strong>.<\/p>\n<p>La constituci\u00f3n y una primera toma de contacto entre los agentes sociales y ayuntamiento ha sido un \u00e9xito por el trabajo continuado que han tenido tanto los representantes de la Junta Municipal de Distrito de Ciutat Vella presidida por el concejal Giuseppe Grezzi, el coordinador del Grupo de Trabajo de Bienestar Social y diversas asociaciones vecinales de la zona como Amics de Velluters, El Palleter, Amics del Carme y la asociaci\u00f3n del Barrio del Carmen.<\/p>\n<p>Por parte del gobierno municipal participaron <strong>Luc\u00eda Beamud, Aar\u00f3n Cano, Giuseppe Grezzi e Isabel Lozano<\/strong> en representaci\u00f3n de las concejal\u00edas correspondientes a Actividades y Espacio P\u00fablico, Seguridad Ciudadana y Bienestar Social.<\/p>\n<p>Con la primera toma de contacto, se acord\u00f3 la continuidad de esta mesa de di\u00e1logo con un calendario de sesiones y una manifiesta voluntad del mantenimiento de actuaciones desde las diversas concejal\u00edas para la consecuci\u00f3n de los objetivos marcados.&nbsp;<\/p>\n<p>Este paso demuestra que las Juntas de Distrito son los verdaderos espacios de encuentro del gobierno municipal con los movimientos vecinales. De esta forma se da una mayor relevancia a la actuaci\u00f3n y resoluci\u00f3n de los Grupos de Trabajo de Ciutat Vella, en concreto el de Bienestar Social, desde el que Amics de Velluters ha estado trabajando de forma continuada para la mejora del barrio y la erradicaci\u00f3n de la prostituci\u00f3n en la calle.<\/p>\n<p>En esta reuni\u00f3n qued\u00f3 patente la postura de las diversas asociaciones vecinales y de los representantes municipales en la voluntad de erradicar la actividad de la prostituci\u00f3n concentrada en algunas calles del barrio de Velluters (<a href=\"https:\/\/amicsdelcarme.com\/es\/la-pandemia-no-frena-la-prostitucion-en-la-calle-viana-y-en-la-avenida-del-oeste-mientras-el-ayuntamiento-hace-caso-omiso-a-las-denuncias-de-los-vecinos-que-no-pueden-ni-salir-a-la-calle\/\">La pandemia no frena la prostituci\u00f3n<\/a>,&nbsp;02\/2021).<\/p>\n<p>A trav\u00e9s del coordinador se har\u00e1n llegar a los distintos servicios municipales las propuestas de mejora y actuaci\u00f3n para conseguir eliminar la violencia contra las mujeres que se ejerce en las calles de nuestros barrios.<\/p>\n","protected":false},"excerpt":{"rendered":"<p>Constituida la Mesa de di\u00e1logo de Velluters El pasado mi\u00e9rcoles 26 de enero de 2022 se constituy\u00f3 la Mesa de Di\u00e1logo de Velluters largamente demandada por asociaciones vecinales de los barrios de Velluters y del Carme para poder conseguir una soluci\u00f3n a los continuados problemas de seguridad, salubridad y dignidad [&#8230;]<\/p>\n","protected":false},"author":1,"featured_media":6090,"comment_status":"open","ping_status":"open","sticky":false,"template":"","format":"standard","meta":{"_acf_changed":false,"footnotes":""},"categories":[72,90],"tags":[],"class_list":["post-6098","post","type-post","status-publish","format-standard","has-post-thumbnail","hentry","category-actualitat-es","category-espacio-publico"],"acf":[],"_links":{"self":[{"href":"https:\/\/amicsdelcarme.com\/es\/wp-json\/wp\/v2\/posts\/6098","targetHints":{"allow":["GET"]}}],"collection":[{"href":"https:\/\/amicsdelcarme.com\/es\/wp-json\/wp\/v2\/posts"}],"about":[{"href":"https:\/\/amicsdelcarme.com\/es\/wp-json\/wp\/v2\/types\/post"}],"author":[{"embeddable":true,"href":"https:\/\/amicsdelcarme.com\/es\/wp-json\/wp\/v2\/users\/1"}],"replies":[{"embeddable":true,"href":"https:\/\/amicsdelcarme.com\/es\/wp-json\/wp\/v2\/comments?post=6098"}],"version-history":[{"count":5,"href":"https:\/\/amicsdelcarme.com\/es\/wp-json\/wp\/v2\/posts\/6098\/revisions"}],"predecessor-version":[{"id":6103,"href":"https:\/\/amicsdelcarme.com\/es\/wp-json\/wp\/v2\/posts\/6098\/revisions\/6103"}],"wp:featuredmedia":[{"embeddable":true,"href":"https:\/\/amicsdelcarme.com\/es\/wp-json\/wp\/v2\/media\/6090"}],"wp:attachment":[{"href":"https:\/\/amicsdelcarme.com\/es\/wp-json\/wp\/v2\/media?parent=6098"}],"wp:term":[{"taxonomy":"category","embeddable":true,"href":"https:\/\/amicsdelcarme.com\/es\/wp-json\/wp\/v2\/categories?post=6098"},{"taxonomy":"post_tag","embeddable":true,"href":"https:\/\/amicsdelcarme.com\/es\/wp-json\/wp\/v2\/tags?post=6098"}],"curies":[{"name":"wp","href":"https:\/\/api.w.org\/{rel}","templated":true}]}}