{"id":6078,"date":"2022-01-29T11:48:25","date_gmt":"2022-01-29T10:48:25","guid":{"rendered":"https:\/\/amicsdelcarme.com\/?p=6078"},"modified":"2022-01-29T19:28:31","modified_gmt":"2022-01-29T18:28:31","slug":"comencem-lany-amb-un-solar-menys-i-una-casa-mes-al-carrer-santo-tomas-amb-el-carrer-de-dalt","status":"publish","type":"post","link":"https:\/\/amicsdelcarme.com\/es\/comencem-lany-amb-un-solar-menys-i-una-casa-mes-al-carrer-santo-tomas-amb-el-carrer-de-dalt\/","title":{"rendered":"Comencem l&#8217;any amb un solar menys i una casa m\u00e9s al carrer Santo Tomas amb el carrer de Dalt"},"content":{"rendered":"\n<p>&nbsp;<\/p>\n<p>Aix\u00f3 sempre \u00e9s motiu de joia, encara que ens alegrar\u00edem molt m\u00e9s si el nou edifici fos per a ve\u00efns i no per a apartaments tur\u00edstics<\/p>\n<p>Com tantes vegades venim denunciant, aqu\u00ed l&#8217;\u00fanic ma\u00f3 que es mou \u00e9s per a hotels i similars, mentre els plans de promoci\u00f3 d&#8217;habitatge a Ciutat Vella segueixen als llimbs.<\/p>\n<p>Nom\u00e9s en l&#8217;\u00e0mbit de la ZAS del Carme (unes 40 hect\u00e0rees) tenim 14 projectes hotelers identificats: als carrers Landerer, Corona, Pl. \u00c0ngel, Ripalda, Marqu\u00e8s de Caro, Roters, Portal de Valldigna, Rellotge Vell, Portal Nou, Sant Dion\u00eds, Bisbe Don Jer\u00f3nimo , Rei Don Jaime, Pl Manises i Baixa.<\/p>\n<p>A Amics del Carme ens sembla una sobirana barbaritat. Quants turistes m\u00e9s hauran d&#8217;arribar a la ciutat per omplir tant de nou hotel i apartament tur\u00edstic?<\/p>\n<p>Volem creure que a l&#8217;Ajuntament alg\u00fa ha d&#8217;estar fent n\u00fameros sobre la viabilitat i sobre el cost en residents expulsats.<\/p>\n<p>Un <strong>Observatori sobre Oci i Turisme<\/strong> ser\u00e0 molt \u00fatil per saber-ne l&#8217;impacte a la ciutat, tant econ\u00f2mic com social. Per\u00f2 per descomptat, no augura res de bo!<\/p>\n","protected":false},"excerpt":{"rendered":"<p>&nbsp; Aix\u00f3 sempre \u00e9s motiu de joia, encara que ens alegrar\u00edem molt m\u00e9s si el nou edifici fos per a ve\u00efns i no per a apartaments tur\u00edstics Com tantes vegades venim denunciant, aqu\u00ed l&#8217;\u00fanic ma\u00f3 que es mou \u00e9s per a hotels i similars, mentre els plans de promoci\u00f3 d&#8217;habitatge [&#8230;]<\/p>\n","protected":false},"author":1,"featured_media":6079,"comment_status":"open","ping_status":"open","sticky":false,"template":"","format":"standard","meta":{"_acf_changed":false,"footnotes":""},"categories":[39,38],"tags":[],"class_list":["post-6078","post","type-post","status-publish","format-standard","has-post-thumbnail","hentry","category-actualitat","category-urbanisme"],"acf":[],"_links":{"self":[{"href":"https:\/\/amicsdelcarme.com\/es\/wp-json\/wp\/v2\/posts\/6078","targetHints":{"allow":["GET"]}}],"collection":[{"href":"https:\/\/amicsdelcarme.com\/es\/wp-json\/wp\/v2\/posts"}],"about":[{"href":"https:\/\/amicsdelcarme.com\/es\/wp-json\/wp\/v2\/types\/post"}],"author":[{"embeddable":true,"href":"https:\/\/amicsdelcarme.com\/es\/wp-json\/wp\/v2\/users\/1"}],"replies":[{"embeddable":true,"href":"https:\/\/amicsdelcarme.com\/es\/wp-json\/wp\/v2\/comments?post=6078"}],"version-history":[{"count":4,"href":"https:\/\/amicsdelcarme.com\/es\/wp-json\/wp\/v2\/posts\/6078\/revisions"}],"predecessor-version":[{"id":6106,"href":"https:\/\/amicsdelcarme.com\/es\/wp-json\/wp\/v2\/posts\/6078\/revisions\/6106"}],"wp:featuredmedia":[{"embeddable":true,"href":"https:\/\/amicsdelcarme.com\/es\/wp-json\/wp\/v2\/media\/6079"}],"wp:attachment":[{"href":"https:\/\/amicsdelcarme.com\/es\/wp-json\/wp\/v2\/media?parent=6078"}],"wp:term":[{"taxonomy":"category","embeddable":true,"href":"https:\/\/amicsdelcarme.com\/es\/wp-json\/wp\/v2\/categories?post=6078"},{"taxonomy":"post_tag","embeddable":true,"href":"https:\/\/amicsdelcarme.com\/es\/wp-json\/wp\/v2\/tags?post=6078"}],"curies":[{"name":"wp","href":"https:\/\/api.w.org\/{rel}","templated":true}]}}