{"id":6070,"date":"2022-01-19T18:31:38","date_gmt":"2022-01-19T17:31:38","guid":{"rendered":"https:\/\/amicsdelcarme.com\/?p=6070"},"modified":"2022-01-19T18:51:22","modified_gmt":"2022-01-19T17:51:22","slug":"en-breu-es-reprendran-les-obres-de-ledifici-de-la-placa-de-larbre","status":"publish","type":"post","link":"https:\/\/amicsdelcarme.com\/es\/en-breu-es-reprendran-les-obres-de-ledifici-de-la-placa-de-larbre\/","title":{"rendered":"En breu es reprendran les obres de l&#8217;edifici de la pla\u00e7a de l&#8217;Arbre"},"content":{"rendered":"\n<p><br>Adjudicades les obres, en breu es reprendr\u00e0 la construcci\u00f3 de l&#8217;edifici de la pla\u00e7a de l&#8217;Arbre, aquest va ser l&#8217;anunci m\u00e9s rellevant de la recent reuni\u00f3 d&#8217;Amics del Carme amb la direcci\u00f3 de l&#8217;EVha.<\/p>\n<p>Una molt bona not\u00edcia per al ve\u00efnat dels carrers propers a Fenollosa i Santo Tom\u00e1s, i tamb\u00e9 per als serveis de neteja. Durant anys les bastides que sostenen les fa\u00e7anes han estat una font de maldecaps. Esperem que no se&#8217;n demore la retirada.<\/p>\n<p>Tamb\u00e9 es va preguntar a la reuni\u00f3 per la situaci\u00f3 dels edificis d&#8217;habitatges ja rehabilitats per segona vegada als carrers de Murillo i Bisbessa, ens informen que segueixen pendents de la llic\u00e8ncia d&#8217;ocupaci\u00f3. Sobre els solars de l&#8217;EVha als carrers Pintor Domingo, Corretgeria, Pintor Fillol o Tosca, ja que lamentablement, no hi ha pressupost i no hi ha previsions sobre aix\u00f2. En suma, ens port\u00e0rem un bon gerro d\u2019aigua freda!<\/p>\n<p>Era obligat plantejar qu\u00e8 passa amb els fons europeus i els plans urban\u00edstics integrals tipus RIVA, si no seria ara el moment de promoure algun projecte d&#8217;aquest tipus i la resposta tamb\u00e9 va ser clara, les iniciatives d&#8217;aquest tipus les ha d&#8217;instar l&#8217;Ajuntament de Val\u00e8ncia<\/p>\n","protected":false},"excerpt":{"rendered":"<p>Adjudicades les obres, en breu es reprendr\u00e0 la construcci\u00f3 de l&#8217;edifici de la pla\u00e7a de l&#8217;Arbre, aquest va ser l&#8217;anunci m\u00e9s rellevant de la recent reuni\u00f3 d&#8217;Amics del Carme amb la direcci\u00f3 de l&#8217;EVha. Una molt bona not\u00edcia per al ve\u00efnat dels carrers propers a Fenollosa i Santo Tom\u00e1s, i [&#8230;]<\/p>\n","protected":false},"author":1,"featured_media":6071,"comment_status":"open","ping_status":"open","sticky":false,"template":"","format":"standard","meta":{"_acf_changed":false,"footnotes":""},"categories":[39,38],"tags":[],"class_list":["post-6070","post","type-post","status-publish","format-standard","has-post-thumbnail","hentry","category-actualitat","category-urbanisme"],"acf":[],"_links":{"self":[{"href":"https:\/\/amicsdelcarme.com\/es\/wp-json\/wp\/v2\/posts\/6070","targetHints":{"allow":["GET"]}}],"collection":[{"href":"https:\/\/amicsdelcarme.com\/es\/wp-json\/wp\/v2\/posts"}],"about":[{"href":"https:\/\/amicsdelcarme.com\/es\/wp-json\/wp\/v2\/types\/post"}],"author":[{"embeddable":true,"href":"https:\/\/amicsdelcarme.com\/es\/wp-json\/wp\/v2\/users\/1"}],"replies":[{"embeddable":true,"href":"https:\/\/amicsdelcarme.com\/es\/wp-json\/wp\/v2\/comments?post=6070"}],"version-history":[{"count":3,"href":"https:\/\/amicsdelcarme.com\/es\/wp-json\/wp\/v2\/posts\/6070\/revisions"}],"predecessor-version":[{"id":6075,"href":"https:\/\/amicsdelcarme.com\/es\/wp-json\/wp\/v2\/posts\/6070\/revisions\/6075"}],"wp:featuredmedia":[{"embeddable":true,"href":"https:\/\/amicsdelcarme.com\/es\/wp-json\/wp\/v2\/media\/6071"}],"wp:attachment":[{"href":"https:\/\/amicsdelcarme.com\/es\/wp-json\/wp\/v2\/media?parent=6070"}],"wp:term":[{"taxonomy":"category","embeddable":true,"href":"https:\/\/amicsdelcarme.com\/es\/wp-json\/wp\/v2\/categories?post=6070"},{"taxonomy":"post_tag","embeddable":true,"href":"https:\/\/amicsdelcarme.com\/es\/wp-json\/wp\/v2\/tags?post=6070"}],"curies":[{"name":"wp","href":"https:\/\/api.w.org\/{rel}","templated":true}]}}