{"id":6020,"date":"2022-01-05T13:11:07","date_gmt":"2022-01-05T12:11:07","guid":{"rendered":"https:\/\/amicsdelcarme.com\/?p=6020"},"modified":"2022-01-07T18:58:05","modified_gmt":"2022-01-07T17:58:05","slug":"la-ordenanza-para-control-de-viviendas-turisticas-o-el-nuevo-timo-de-la-participacion","status":"publish","type":"post","link":"https:\/\/amicsdelcarme.com\/es\/la-ordenanza-para-control-de-viviendas-turisticas-o-el-nuevo-timo-de-la-participacion\/","title":{"rendered":"La ordenanza para control de viviendas Tur\u00edsticas (*\u00a1?), o el nuevo timo de la participaci\u00f3n"},"content":{"rendered":"\n<h3>El Ayuntamiento promueve una ordenanza que permitir\u00e1 extender las viviendas de uso tur\u00edstico en todas las comunidades de vecinos<\/h3>\n<h4>La FAAVV de Val\u00e8ncia y los representantes de las Juntas de Distrito de Ciutat Vella, Ruzafa y Benimaclet en el Consell Municipal de Turisme han pedido la retirada del proyecto de ordenanza del alquiler de vivienda tur\u00edstica ocasional porque aumentar\u00e1 la expulsi\u00f3n de vecinos<\/h4>\n<h4>Tras esta ordenanza ser\u00e1 imposible perseguir administrativamente los apartamentos ilegales<\/h4>\n<blockquote>\n<p><span style=\"color: #003366;\">Plan normativo 2022<\/span><br><span style=\"color: #003366;\"><strong>Ordenanza reguladora del Control de Vivienda de Uso Tur\u00edstico (*\u00a1?)<br><\/strong>Tipo: nueva normativa<\/span><br><span style=\"color: #003366;\">Motivaci\u00f3n: adaptaci\u00f3n reglamentaria<\/span><\/p>\n<\/blockquote>\n<p>En el plan normas que tiene previsto aprobar el Ayuntamiento en 2022, y que se puede consultar en la <span style=\"color: #003366;\"><a style=\"color: #003366;\" href=\"https:\/\/www.valencia.es\/documents\/20142\/16025610\/Plan+normativo+2022+web+y+portal+cast.pdf\/6512607f-16e6-8c0a-6995-3859abc5fd0c?t=1640689419250\" target=\"_blank\" rel=\"noopener noreferrer\">web municipal<\/a><\/span>, hay una especialmente pol\u00e9mica. Este proyecto de norma lleva por t\u00edtulo <strong><em>Ordenanza reguladora del Control de Vivienda de Uso Tur\u00edstico<\/em> <span style=\"color: #000080;\">(*\u00a1?)<\/span>, sin embargo, de aprobarse, servir\u00e1 para todo lo contrario pues permitir\u00e1 <\/strong>extender las VUT a cualquier comunidad de vecinos.<\/p>\n<p>El prop\u00f3sito inicial de la ordenanza que tramita el \u00c1rea de Turismo era <strong><em>el control de las viviendas tur\u00edsticas<\/em><\/strong>, como todav\u00eda reza su t\u00edtulo en el Plan Normativo de 2022 y como se nos dio a entender en la consulta en la que participamos muchas entidades vecinales en 2019, por ello resulta surrealista (o directamente un enga\u00f1o) que ahora se diga que esta ordenanza se limitar\u00e1 a introducir una nueva variante, el alquiler ocasional, una modalidad ni siquiera prevista en la Ley de Turismo.<\/p>\n<p><strong>De nuevo, el t\u00e1ndem PSOE \u2013 COMPROMIS cambia las reglas de juego a mitad de la partida o, mejor dicho, de nuevo prometen una cosa y hacen justo la contraria.<\/strong><\/p>\n<p>Si esta ordenanza prospera el problema no ser\u00e1 solo que cualquier hijo de vecino pueda alquilar unos d\u00edas la casa en la que vive a unos desconocidos. La creaci\u00f3n de este supuesto, el alquiler ocasional, har\u00e1 imposible perseguir la actividad de los centenares de apartamentos tur\u00edsticos ilegales que hay en la ciudad.<\/p>\n<p>El Ayuntamiento actualmente carece de los medios para inspeccionar o sancionar que la actividad de una determinada VUT, sea ocasional o no, y con esta ordenanza, adem\u00e1s, ser\u00e1 administrativamente imposible de comprobar.<\/p>\n<p>Pero de que han servido las consultas realizadas? <br>Porqu\u00e9 no se tienen en cuenta las propuestas vecinales para regular la actividad de las VUT en la ciudad?<\/p>\n<p><span style=\"color: #003366;\"><strong>Esto era lo que propon\u00edamos cuando nos invitaron a opinar sobre una futura ordenanza para controlar las VUT<\/strong><\/span><\/p>\n<ul style=\"list-style-type: disc;\">\n<li><span style=\"color: #003366;\">Crear un registro accesible donde figuren las licencias concedidas y en tr\u00e1mite. <\/span><br><span style=\"color: #003366;\">Localizar las acreditaciones de compatibilidad en el geoportal de urbanismo.<\/span><\/li>\n<li><span style=\"color: #003366;\">Identificar la actividad en los portales del edificio. Indicando n\u00famero de puerta, n\u00famero de registro y referencias de contacto.<\/span><\/li>\n<li><span style=\"color: #003366;\">Fijar un plazo transitorio para que todas las viviendas de uso tur\u00edstico obtengan la declaraci\u00f3n de compatibilidad urban\u00edstica<\/span><\/li>\n<li><span style=\"color: #003366;\">Disponer un plan de inspecci\u00f3n para evitar VUT ilegales, comenzando por aquellas que tienen denuncias vecinales o situados en zonas saturadas.<\/span><\/li>\n<li><span style=\"color: #003366;\">Prohibir el cambio de uso de residencial a terciario hotelero si el uso previo de las viviendas ha sido en r\u00e9gimen de contrato de arrendamiento.<\/span><\/li>\n<li><span style=\"color: #003366;\">Elaboraci\u00f3n del PIAT (Plan de Intervenci\u00f3n en \u00c1mbitos Tur\u00edsticos) de la Ciudad de Valencia que habilite al Ayuntamiento a blindar la vivienda de presiones inmobiliarias especulativas y a declarar zonas tur\u00edsticamente saturadas<\/span><\/li>\n<\/ul>\n<p>Sin embargo, ninguna de estas propuestas aparece en esta ordenanza, y viene a regular algo que no se hab\u00eda anunciado.<\/p>\n<p>En el \u00faltimo Consell Municipal de Turisme fueron muchas las voces, no solo vecinales que se opusieron a la tramitaci\u00f3n de esta ordenanza.<\/p>\n<p>Alegan desde el Ayuntamiento que son pocas las denuncias, que no hay preocupaci\u00f3n social por la vivienda. Decididamente, se han puesto una venda en los ojos: No hay problema, y si lo hay es culpa de la polic\u00eda local que no hace su trabajo, ese es el mantra que nos repiten una y otra vez.<\/p>\n<p>Nos seguimos preguntando cuantos desahucios hacen falta para que este ayuntamiento se tome en serio un problema que es una lacra en todas las ciudades tur\u00edsticas<\/p>\n\n\n\n<div class=\"wp-block-group\"><div class=\"wp-block-group__inner-container is-layout-flow wp-block-group-is-layout-flow\">\n<figure class=\"wp-block-embed-wordpress aligncenter wp-block-embed is-type-wp-embed is-provider-faavv\"><div class=\"wp-block-embed__wrapper\">\n<div class=\"embed-responsive embed-responsive-16by9 mb-30\"><blockquote class=\"wp-embedded-content\" data-secret=\"jMObL8BZ6p\"><a href=\"https:\/\/vecinosdevalencia.es\/la-faavv-de-valencia-pide-la-retirada-del-proyecto-de-ordenanza-del-alquiler-de-vivienda-turistica-ocasional\/\">La FAAVV de Val\u00e8ncia pide la retirada del proyecto de ordenanza del alquiler de vivienda tur\u00edstica ocasional<\/a><\/blockquote><iframe loading=\"lazy\" title=\"\u00abLa FAAVV de Val\u00e8ncia pide la retirada del proyecto de ordenanza del alquiler de vivienda tur\u00edstica ocasional\u00bb \u2014 FAAVV\" class=\"wp-embedded-content\" sandbox=\"allow-scripts\" security=\"restricted\" style=\"position: absolute; clip: rect(1px, 1px, 1px, 1px);\" src=\"https:\/\/vecinosdevalencia.es\/la-faavv-de-valencia-pide-la-retirada-del-proyecto-de-ordenanza-del-alquiler-de-vivienda-turistica-ocasional\/embed\/#?secret=jMObL8BZ6p\" data-secret=\"jMObL8BZ6p\" width=\"600\" height=\"338\" frameborder=\"0\" marginwidth=\"0\" marginheight=\"0\" scrolling=\"no\"><\/iframe><\/div>\n<\/div><\/figure>\n<\/div><\/div>\n\n\n\n<div class=\"wp-block-group\"><div class=\"wp-block-group__inner-container is-layout-flow wp-block-group-is-layout-flow\">\n<figure class=\"wp-block-embed-wordpress aligncenter wp-block-embed is-type-wp-embed is-provider-faavv\"><div class=\"wp-block-embed__wrapper\">\n<div class=\"embed-responsive embed-responsive-16by9 mb-30\"><blockquote class=\"wp-embedded-content\" data-secret=\"PL76JcWMeY\"><a href=\"https:\/\/vecinosdevalencia.es\/la-faavv-reclama-nuevamente-la-retirada-de-la-ordenanza-que-permitira-los-pisos-turisticos-en-las-comunidades-de-vecinos\/\">La FAAVV reclama nuevamente la retirada de la ordenanza que permitir\u00e1 los pisos tur\u00edsticos en las comunidades de vecinos<\/a><\/blockquote><iframe loading=\"lazy\" title=\"\u00abLa FAAVV reclama nuevamente la retirada de la ordenanza que permitir\u00e1 los pisos tur\u00edsticos en las comunidades de vecinos\u00bb \u2014 FAAVV\" class=\"wp-embedded-content\" sandbox=\"allow-scripts\" security=\"restricted\" style=\"position: absolute; clip: rect(1px, 1px, 1px, 1px);\" src=\"https:\/\/vecinosdevalencia.es\/la-faavv-reclama-nuevamente-la-retirada-de-la-ordenanza-que-permitira-los-pisos-turisticos-en-las-comunidades-de-vecinos\/embed\/#?secret=PL76JcWMeY\" data-secret=\"PL76JcWMeY\" width=\"600\" height=\"338\" frameborder=\"0\" marginwidth=\"0\" marginheight=\"0\" scrolling=\"no\"><\/iframe><\/div>\n<\/div><\/figure>\n<\/div><\/div>\n","protected":false},"excerpt":{"rendered":"<p>El Ayuntamiento promueve una ordenanza que permitir\u00e1 extender las viviendas de uso tur\u00edstico en todas las comunidades de vecinos La FAAVV de Val\u00e8ncia y los representantes de las Juntas de Distrito de Ciutat Vella, Ruzafa y Benimaclet en el Consell Municipal de Turisme han pedido la retirada del proyecto de [&#8230;]<\/p>\n","protected":false},"author":1,"featured_media":6026,"comment_status":"open","ping_status":"open","sticky":false,"template":"","format":"standard","meta":{"_acf_changed":false,"footnotes":""},"categories":[39,38],"tags":[],"class_list":["post-6020","post","type-post","status-publish","format-standard","has-post-thumbnail","hentry","category-actualitat","category-urbanisme"],"acf":[],"_links":{"self":[{"href":"https:\/\/amicsdelcarme.com\/es\/wp-json\/wp\/v2\/posts\/6020","targetHints":{"allow":["GET"]}}],"collection":[{"href":"https:\/\/amicsdelcarme.com\/es\/wp-json\/wp\/v2\/posts"}],"about":[{"href":"https:\/\/amicsdelcarme.com\/es\/wp-json\/wp\/v2\/types\/post"}],"author":[{"embeddable":true,"href":"https:\/\/amicsdelcarme.com\/es\/wp-json\/wp\/v2\/users\/1"}],"replies":[{"embeddable":true,"href":"https:\/\/amicsdelcarme.com\/es\/wp-json\/wp\/v2\/comments?post=6020"}],"version-history":[{"count":5,"href":"https:\/\/amicsdelcarme.com\/es\/wp-json\/wp\/v2\/posts\/6020\/revisions"}],"predecessor-version":[{"id":6054,"href":"https:\/\/amicsdelcarme.com\/es\/wp-json\/wp\/v2\/posts\/6020\/revisions\/6054"}],"wp:featuredmedia":[{"embeddable":true,"href":"https:\/\/amicsdelcarme.com\/es\/wp-json\/wp\/v2\/media\/6026"}],"wp:attachment":[{"href":"https:\/\/amicsdelcarme.com\/es\/wp-json\/wp\/v2\/media?parent=6020"}],"wp:term":[{"taxonomy":"category","embeddable":true,"href":"https:\/\/amicsdelcarme.com\/es\/wp-json\/wp\/v2\/categories?post=6020"},{"taxonomy":"post_tag","embeddable":true,"href":"https:\/\/amicsdelcarme.com\/es\/wp-json\/wp\/v2\/tags?post=6020"}],"curies":[{"name":"wp","href":"https:\/\/api.w.org\/{rel}","templated":true}]}}