{"id":5959,"date":"2021-12-18T20:43:00","date_gmt":"2021-12-18T19:43:00","guid":{"rendered":"https:\/\/amicsdelcarme.com\/?p=5959"},"modified":"2022-01-03T20:46:50","modified_gmt":"2022-01-03T19:46:50","slug":"penoso-balance-del-registro-de-solares","status":"publish","type":"post","link":"https:\/\/amicsdelcarme.com\/es\/penoso-balance-del-registro-de-solares\/","title":{"rendered":"Penoso balance del Registro de solares"},"content":{"rendered":"\n<p><strong><br>El urbanismo de Ciutat Vella en estado de alarma (3)<\/strong><\/p>\n<p>Si despu\u00e9s de 16 a\u00f1os de vida del Registro Municipal de Solares y Edificios en Ruinas, el balance es 7 nuevos edificios, pues la verdad que no es para echar las campanas al vuelo. Especialmente si vemos que la media de los centenares de solares desparramados por Ciutat Vella ronda los 30 a\u00f1os.<\/p>\n<p>Adem\u00e1s, por lo que llevamos visto del RMSER no nos salen las cuentas. Nos hemos dirigido al Area de Urbanismo para que nos detalle los edificios construidos y los que han solicitado licencia.<\/p>\n<p>A este paso Ciutat Vella no levantar\u00e1 cabeza, pues los edificios se caen a una mayor velocidad de lo que se rehabilitan.<\/p>\n<p>Urge dotar al servicio de Gesti\u00f3n de Ciutat Vella de mas recursos y de un plan que movilice los solares.<\/p>\n<p>Dentro de poco el PEP, el Plan Especial de Protecci\u00f3n de Ciutat Vella cumplir\u00e1 dos a\u00f1os y finaliar\u00e1 periodo de gracia para muchos solares.<br>Ser\u00eda bueno conocer los planes del \u00c1rea de Urbanismo.<\/p>\n<p>&nbsp;<\/p>\n","protected":false},"excerpt":{"rendered":"<p>Si despu\u00e9s de 16 a\u00f1os de vida del Registro Municipal de Solares y Edificios en Ruinas el balance es 7 nuevos edificios, pues la verdad que no es para echar las campanas al vuelo. Especialmente si vemos que la media de los centenares de solares desparramados por Ciutat Vella ronda los 30 a\u00f1os.<\/p>\n","protected":false},"author":1,"featured_media":5960,"comment_status":"open","ping_status":"open","sticky":false,"template":"","format":"standard","meta":{"_acf_changed":false,"footnotes":""},"categories":[39,38],"tags":[],"class_list":["post-5959","post","type-post","status-publish","format-standard","has-post-thumbnail","hentry","category-actualitat","category-urbanisme"],"acf":[],"_links":{"self":[{"href":"https:\/\/amicsdelcarme.com\/es\/wp-json\/wp\/v2\/posts\/5959","targetHints":{"allow":["GET"]}}],"collection":[{"href":"https:\/\/amicsdelcarme.com\/es\/wp-json\/wp\/v2\/posts"}],"about":[{"href":"https:\/\/amicsdelcarme.com\/es\/wp-json\/wp\/v2\/types\/post"}],"author":[{"embeddable":true,"href":"https:\/\/amicsdelcarme.com\/es\/wp-json\/wp\/v2\/users\/1"}],"replies":[{"embeddable":true,"href":"https:\/\/amicsdelcarme.com\/es\/wp-json\/wp\/v2\/comments?post=5959"}],"version-history":[{"count":4,"href":"https:\/\/amicsdelcarme.com\/es\/wp-json\/wp\/v2\/posts\/5959\/revisions"}],"predecessor-version":[{"id":5965,"href":"https:\/\/amicsdelcarme.com\/es\/wp-json\/wp\/v2\/posts\/5959\/revisions\/5965"}],"wp:featuredmedia":[{"embeddable":true,"href":"https:\/\/amicsdelcarme.com\/es\/wp-json\/wp\/v2\/media\/5960"}],"wp:attachment":[{"href":"https:\/\/amicsdelcarme.com\/es\/wp-json\/wp\/v2\/media?parent=5959"}],"wp:term":[{"taxonomy":"category","embeddable":true,"href":"https:\/\/amicsdelcarme.com\/es\/wp-json\/wp\/v2\/categories?post=5959"},{"taxonomy":"post_tag","embeddable":true,"href":"https:\/\/amicsdelcarme.com\/es\/wp-json\/wp\/v2\/tags?post=5959"}],"curies":[{"name":"wp","href":"https:\/\/api.w.org\/{rel}","templated":true}]}}