{"id":5945,"date":"2021-12-11T20:30:00","date_gmt":"2021-12-11T19:30:00","guid":{"rendered":"https:\/\/amicsdelcarme.com\/?p=5945"},"modified":"2022-01-03T20:36:40","modified_gmt":"2022-01-03T19:36:40","slug":"conselleria-habitatge","status":"publish","type":"post","link":"https:\/\/amicsdelcarme.com\/es\/conselleria-habitatge\/","title":{"rendered":"Habitatge reinaugura un edifici d&#8217;habitatges que fa 10 anys que est\u00e0 tancat"},"content":{"rendered":"\n<p><strong><br>L\u2019urbanisme de Ciutat Vella en estat d\u2019alarma (2)<\/strong><\/p>\n<p>Aviat far\u00e0 10 mesos d&#8217;aquesta not\u00edcia. L&#8217;edifici segueix buit, no sabem si en espera de tornar a ser vandalitzat o d&#8217;una c\u00e8dula d&#8217;habitabilitat de l&#8217;ajuntament que no arriba.<\/p>\n<p>Un edifici de 9 vivendes entregat fa deu anys, vandalitzat anys despr\u00e9s i en qu\u00e8 l&#8217;EVha s&#8217;ha hagut de gastar gaireb\u00e9 mig mili\u00f3 d&#8217;euros a posar-ho a punt.<\/p>\n<p>Tampoc sembla en este cas que el PEP estiga servint de gaire per facilitar que almenys 9 fam\u00edlies puguen disposar del seu habitatge 20 anys despr\u00e9s que comencessen els projectes.<\/p>\n<p>Eixe dia farem festa!<\/p>\n<p><a href=\"https:\/\/elpais.com\/espana\/comunidad-valenciana\/2021-04-30\/la-ministra-ione-belarra-reinaugura-un-edificio-de-viviendas-sociales-en-valencia-que-lleva-10-anos-cerrado.html?ssm=FB_CC&amp;fbclid=IwAR3UXC_lYQDDWjBXBcrHMh6wAMCuZJut2b1CB2kmZ_dIYAooQ-RpBvorD4M\"><img loading=\"lazy\" decoding=\"async\" class=\"aligncenter wp-image-5949 size-full\" src=\"https:\/\/amicsdelcarme.com\/wp-content\/uploads\/2022\/01\/Velluters_Belarra.png\" alt=\"\" width=\"1204\" height=\"909\" srcset=\"https:\/\/amicsdelcarme.com\/wp-content\/uploads\/2022\/01\/Velluters_Belarra.png 1204w, https:\/\/amicsdelcarme.com\/wp-content\/uploads\/2022\/01\/Velluters_Belarra-300x226.png 300w, https:\/\/amicsdelcarme.com\/wp-content\/uploads\/2022\/01\/Velluters_Belarra-768x580.png 768w\" sizes=\"auto, (max-width: 1204px) 100vw, 1204px\" \/><\/a><\/p>\n\n\n","protected":false},"excerpt":{"rendered":"<p>Un edifici de 9 vivendes entregat fa deu anys, vandalitzat anys despr\u00e9s i en qu\u00e8 l&#8217;EVha s&#8217;ha hagut de gastar gaireb\u00e9 mig mili\u00f3 d&#8217;euros a posar-ho a punt.<br \/>\nTampoc sembla en este cas que el PEP estiga servint de gaire per facilitar que almenys 9 fam\u00edlies puguen disposar del seu habitatge 20 anys despr\u00e9s que comencessen els projectes.<\/p>\n","protected":false},"author":1,"featured_media":5954,"comment_status":"closed","ping_status":"open","sticky":false,"template":"","format":"standard","meta":{"_acf_changed":false,"footnotes":""},"categories":[39,38],"tags":[],"class_list":["post-5945","post","type-post","status-publish","format-standard","has-post-thumbnail","hentry","category-actualitat","category-urbanisme"],"acf":[],"_links":{"self":[{"href":"https:\/\/amicsdelcarme.com\/es\/wp-json\/wp\/v2\/posts\/5945","targetHints":{"allow":["GET"]}}],"collection":[{"href":"https:\/\/amicsdelcarme.com\/es\/wp-json\/wp\/v2\/posts"}],"about":[{"href":"https:\/\/amicsdelcarme.com\/es\/wp-json\/wp\/v2\/types\/post"}],"author":[{"embeddable":true,"href":"https:\/\/amicsdelcarme.com\/es\/wp-json\/wp\/v2\/users\/1"}],"replies":[{"embeddable":true,"href":"https:\/\/amicsdelcarme.com\/es\/wp-json\/wp\/v2\/comments?post=5945"}],"version-history":[{"count":5,"href":"https:\/\/amicsdelcarme.com\/es\/wp-json\/wp\/v2\/posts\/5945\/revisions"}],"predecessor-version":[{"id":5958,"href":"https:\/\/amicsdelcarme.com\/es\/wp-json\/wp\/v2\/posts\/5945\/revisions\/5958"}],"wp:featuredmedia":[{"embeddable":true,"href":"https:\/\/amicsdelcarme.com\/es\/wp-json\/wp\/v2\/media\/5954"}],"wp:attachment":[{"href":"https:\/\/amicsdelcarme.com\/es\/wp-json\/wp\/v2\/media?parent=5945"}],"wp:term":[{"taxonomy":"category","embeddable":true,"href":"https:\/\/amicsdelcarme.com\/es\/wp-json\/wp\/v2\/categories?post=5945"},{"taxonomy":"post_tag","embeddable":true,"href":"https:\/\/amicsdelcarme.com\/es\/wp-json\/wp\/v2\/tags?post=5945"}],"curies":[{"name":"wp","href":"https:\/\/api.w.org\/{rel}","templated":true}]}}