{"id":5941,"date":"2022-01-03T23:29:21","date_gmt":"2022-01-03T22:29:21","guid":{"rendered":"https:\/\/amicsdelcarme.com\/?p=5941"},"modified":"2022-01-04T11:05:28","modified_gmt":"2022-01-04T10:05:28","slug":"el-urbanismo-de-ciutat-vella-en-estado-de-alarma-y-6","status":"publish","type":"post","link":"https:\/\/amicsdelcarme.com\/es\/el-urbanismo-de-ciutat-vella-en-estado-de-alarma-y-6\/","title":{"rendered":"El urbanismo de Ciutat Vella en estado de alarma (y 6)"},"content":{"rendered":"\n<blockquote>\n<p><em><img loading=\"lazy\" decoding=\"async\" class=\"alignleft wp-image-5980 \" src=\"https:\/\/amicsdelcarme.com\/wp-content\/uploads\/2022\/01\/CACV-203x300.jpg\" alt=\"\" width=\"158\" height=\"234\" srcset=\"https:\/\/amicsdelcarme.com\/wp-content\/uploads\/2022\/01\/CACV-203x300.jpg 203w, https:\/\/amicsdelcarme.com\/wp-content\/uploads\/2022\/01\/CACV.jpg 339w\" sizes=\"auto, (max-width: 158px) 100vw, 158px\" \/>Es como como si al ayuntamiento no le importara que el casco antiguo se deteriore. Se dejan morir casas hist\u00f3ricas que podr\u00edan estar llenas de vida, cercanas a un foco de atracci\u00f3n tur\u00edstica tan extraordinaria como el Mercat o La Lonja, monumentos que son una se\u00f1a de identidad de Valencia.<\/em><\/p>\n<p>Carmen Alborch<br>La Ciudad y la vida, 2009<\/p>\n<\/blockquote>\n<p>Doce a\u00f1os despu\u00e9s este lamento sigue vivo. Tras la desaparici\u00f3n del RIVA nada serio se ha hecho en Ciutat Vella para impulsar la construcci\u00f3n de vivienda y ganar residentes, el PEP que a punto est\u00e1 de cumplir dos a\u00f1os, tampoco parece ser de gran ayuda, ni siquiera para frenar la gentrificaci\u00f3n galopante.<\/p>\n<p>Lentitud en la gesti\u00f3n urban\u00edstica, falta de control sobre las obras en ejecuci\u00f3n, mas alguna que otra decisi\u00f3n harto discutible, son los hitos urban\u00edsticos de Ciutat Vella (lo de las plazas es harina de otro costal). A lo largo de 5 comentarios \u201cEl urbanismo de Ciutat Vella en estado de alarma\u201d hemos puesto ejemplos concretos de lo que apuntamos. En este tiempo el \u00fanico instrumento visible de gesti\u00f3n urban\u00edstica est\u00e1 siendo un l\u00e1nguido Registro Municipal de Solares y Casas en Ruinas.<\/p>\n<p><strong>Se echan en falta planes y proyectos concretos o a este paso los solares y casas en ruinas seguir\u00e1n en aumento. Pero lo que mas se echa en falta es un dialogo fluido y sincero, explicaciones sobre lo que se hace o se ha dejado de hacer, respuestas a las propuestas viables y razonadas planteadas.<\/strong><\/p>\n<p>No sabemos, por ejemplo, si hay alguien pensando ya en los fondos europeos que est\u00e1n por llegar y si en algo pueden ayudar a levantar Ciutat Vella sin que se trate de m\u00e1s hoteles y apartamentos tur\u00edsticos.<\/p>\n<p>No sabemos tampoco cuales son los objetivos presupuestarios para Ciutat Vella de este a\u00f1o que comienza.<\/p>\n<p>Confiamos que<strong> Sandra G\u00f3mez<\/strong> acepte pronto la invitaci\u00f3n, reiterada en el \u00faltimo Consell Municipal de Ciutat Vella, y participe en una reuni\u00f3n de trabajo con el grupo de urbanismo para tratar estos temas.<\/p>\n<hr>\n<p>&nbsp;<\/p>\n\n\n\n<figure class=\"wp-block-embed-youtube aligncenter wp-block-embed is-type-video is-provider-youtube wp-embed-aspect-16-9 wp-has-aspect-ratio\"><div class=\"wp-block-embed__wrapper\">\n<div class=\"embed-responsive embed-responsive-16by9 mb-30\"><iframe loading=\"lazy\" title=\"video Miguel H\" width=\"1170\" height=\"658\" src=\"https:\/\/www.youtube.com\/embed\/JCPjuKAhymU?feature=oembed\" frameborder=\"0\" allow=\"accelerometer; autoplay; clipboard-write; encrypted-media; gyroscope; picture-in-picture\" allowfullscreen><\/iframe><\/div>\n<\/div><\/figure>\n\n\n\n<hr class=\"wp-block-separator\"\/>\n\n\n\n<div class=\"wp-block-media-text alignwide is-stacked-on-mobile is-vertically-aligned-center\"><figure class=\"wp-block-media-text__media\"><a href=\"https:\/\/amicsdelcarme.com\/quo-vadis-ciutat-vella-lajuntament-ven-50-habitatges-per-fer-apartaments-turistics\/\"><img loading=\"lazy\" decoding=\"async\" width=\"750\" height=\"400\" src=\"https:\/\/amicsdelcarme.com\/wp-content\/uploads\/2021\/12\/IMG_20211219_123352-1-750x400.jpg\" alt=\"\" class=\"wp-image-5930\"\/><\/a><\/figure><div class=\"wp-block-media-text__content\">\n<h3 class=\"wp-block-heading\"><a href=\"https:\/\/amicsdelcarme.com\/quo-vadis-ciutat-vella-lajuntament-ven-50-habitatges-per-fer-apartaments-turistics\/\" target=\"_blank\" rel=\"noreferrer noopener\">Quo vadis Ciutat Vella? L\u2019ajuntament ven 50 habitatges per fer apartaments tur\u00edstics<\/a><\/h3>\n\n\n\n<p>El centre hist\u00f2ric de Val\u00e8ncia ha estat transformat de manera cont\u00ednua en les \u00faltimes d\u00e8cades. Hem passat de l\u2019era de Rita Barber\u00e1 embellint la ciutat i situant Val\u00e8ncia en el mapa tur\u00edstic internacional a l\u2019era de Joan Rib\u00f3 en qu\u00e8 s\u2019ha reverdit i s\u2019ha transformat tecnol\u00f2gicament per convertir-la en referent de les tech-cities o smart-cities mundials.<\/p>\n<\/div><\/div>\n\n\n\n<div class=\"wp-block-media-text alignwide is-stacked-on-mobile is-vertically-aligned-center\"><figure class=\"wp-block-media-text__media\"><img loading=\"lazy\" decoding=\"async\" width=\"750\" height=\"400\" src=\"https:\/\/amicsdelcarme.com\/wp-content\/uploads\/2022\/01\/IMG_20211220_121325-750x400.jpg\" alt=\"\" class=\"wp-image-5967\"\/><\/figure><div class=\"wp-block-media-text__content\">\n<h3 class=\"wp-block-heading\"><a href=\"https:\/\/amicsdelcarme.com\/los-apartamentos-turisticos-la-plaga-de-ciutat-vella\/\" target=\"_blank\" rel=\"noreferrer noopener\">Apartamentos tur\u00edsticos: La plaga de Ciutat Vella<\/a><\/h3>\n\n\n\n<p>En este noble y protegido edificio, vecinos y vecinas llevan denunciando desde 2015 que a un propietario le dio por tirar tabiques y de un piso hacer varios apartamentos tur\u00edsticos.<\/p>\n<\/div><\/div>\n\n\n\n<div class=\"wp-block-media-text alignwide is-stacked-on-mobile is-vertically-aligned-center\"><figure class=\"wp-block-media-text__media\"><img loading=\"lazy\" decoding=\"async\" width=\"750\" height=\"400\" src=\"https:\/\/amicsdelcarme.com\/wp-content\/uploads\/2022\/01\/Bastidas-750x400.jpg\" alt=\"\" class=\"wp-image-5960\"\/><\/figure><div class=\"wp-block-media-text__content\">\n<h3 class=\"has-text-align-left wp-block-heading\"><a href=\"https:\/\/amicsdelcarme.com\/penoso-balance-del-registro-de-solares\/\" target=\"_blank\" rel=\"noreferrer noopener\">Penoso balance del Registro de solares<\/a><\/h3>\n\n\n\n<p>Si despu\u00e9s de 16 a\u00f1os de vida del Registro Municipal de Solares y Edificios en Ruinas el balance es 7 nuevos edificios, pues la verdad que no es para echar las campanas al vuelo. Especialmente si vemos que la media de los centenares de solares desparramados por Ciutat Vella ronda los 30 a\u00f1os.<\/p>\n<\/div><\/div>\n\n\n\n<div class=\"wp-block-media-text alignwide is-stacked-on-mobile is-vertically-aligned-center\"><figure class=\"wp-block-media-text__media\"><img loading=\"lazy\" decoding=\"async\" width=\"750\" height=\"400\" src=\"https:\/\/amicsdelcarme.com\/wp-content\/uploads\/2022\/01\/Velluters_Belarra-750x400.png\" alt=\"\" class=\"wp-image-5949\"\/><\/figure><div class=\"wp-block-media-text__content\">\n<h3 class=\"wp-block-heading\"><a href=\"https:\/\/amicsdelcarme.com\/conselleria-habitatge\/\" target=\"_blank\" rel=\"noreferrer noopener\">Habitatge reinaugura un edifici d\u2019habitatges que fa 10 anys que est\u00e0 tancat<\/a><\/h3>\n\n\n\n<p>Un edifici de 9 vivendes entregat fa deu anys, vandalitzat anys despr\u00e9s i en qu\u00e8 l\u2019EVha s\u2019ha hagut de gastar gaireb\u00e9 mig mili\u00f3 d\u2019euros a posar-ho a punt.<br>Tampoc sembla en este cas que el PEP estiga servint de gaire per facilitar que almenys 9 fam\u00edlies puguen disposar del seu habitatge 20 anys despr\u00e9s que comencessen els projectes.<\/p>\n<\/div><\/div>\n\n\n\n<div class=\"wp-block-media-text alignwide is-stacked-on-mobile is-vertically-aligned-center\"><figure class=\"wp-block-media-text__media\"><img loading=\"lazy\" decoding=\"async\" width=\"750\" height=\"400\" src=\"https:\/\/amicsdelcarme.com\/wp-content\/uploads\/2021\/12\/IMG_20211130_133040-750x400.jpg\" alt=\"\" class=\"wp-image-5824\"\/><\/figure><div class=\"wp-block-media-text__content\">\n<h3 class=\"wp-block-heading\"><a href=\"https:\/\/amicsdelcarme.com\/lurbanisme-de-ciutat-vella-en-estat-dalarma-1\/\" target=\"_blank\" rel=\"noreferrer noopener\">Les ru\u00efnes de la Llonja<\/a><\/h3>\n\n\n\n<p>Considerem que no \u00e9s acceptable que, despr\u00e9s de tants anys (decades), edificis de l\u2019entorn de la Llonja continuen en eixe estat de degradaci\u00f3 i que \u00e9s urgent la represa de les obres.<\/p>\n\n\n\n<p>Es per aix\u00f2 que hem demanat a l\u2019Area d\u2019Urbanisme que dirigeix Sandra G\u00f2mez, la represa dels treballs de restauraci\u00f3 iniciats i, sembla, que oblidats.<\/p>\n<\/div><\/div>\n\n\n","protected":false},"excerpt":{"rendered":"<p>Lentitud en la gesti\u00f3n urban\u00edstica, falta de control sobre las obras en ejecuci\u00f3n, mas alguna que otra decisi\u00f3n harto discutible, son los hitos urban\u00edsticos de Ciutat Vella<\/p>\n","protected":false},"author":1,"featured_media":2024,"comment_status":"open","ping_status":"open","sticky":false,"template":"","format":"standard","meta":{"_acf_changed":false,"footnotes":""},"categories":[39,38],"tags":[],"class_list":["post-5941","post","type-post","status-publish","format-standard","has-post-thumbnail","hentry","category-actualitat","category-urbanisme"],"acf":[],"_links":{"self":[{"href":"https:\/\/amicsdelcarme.com\/es\/wp-json\/wp\/v2\/posts\/5941","targetHints":{"allow":["GET"]}}],"collection":[{"href":"https:\/\/amicsdelcarme.com\/es\/wp-json\/wp\/v2\/posts"}],"about":[{"href":"https:\/\/amicsdelcarme.com\/es\/wp-json\/wp\/v2\/types\/post"}],"author":[{"embeddable":true,"href":"https:\/\/amicsdelcarme.com\/es\/wp-json\/wp\/v2\/users\/1"}],"replies":[{"embeddable":true,"href":"https:\/\/amicsdelcarme.com\/es\/wp-json\/wp\/v2\/comments?post=5941"}],"version-history":[{"count":5,"href":"https:\/\/amicsdelcarme.com\/es\/wp-json\/wp\/v2\/posts\/5941\/revisions"}],"predecessor-version":[{"id":6017,"href":"https:\/\/amicsdelcarme.com\/es\/wp-json\/wp\/v2\/posts\/5941\/revisions\/6017"}],"wp:featuredmedia":[{"embeddable":true,"href":"https:\/\/amicsdelcarme.com\/es\/wp-json\/wp\/v2\/media\/2024"}],"wp:attachment":[{"href":"https:\/\/amicsdelcarme.com\/es\/wp-json\/wp\/v2\/media?parent=5941"}],"wp:term":[{"taxonomy":"category","embeddable":true,"href":"https:\/\/amicsdelcarme.com\/es\/wp-json\/wp\/v2\/categories?post=5941"},{"taxonomy":"post_tag","embeddable":true,"href":"https:\/\/amicsdelcarme.com\/es\/wp-json\/wp\/v2\/tags?post=5941"}],"curies":[{"name":"wp","href":"https:\/\/api.w.org\/{rel}","templated":true}]}}