{"id":5927,"date":"2021-12-21T13:41:37","date_gmt":"2021-12-21T12:41:37","guid":{"rendered":"https:\/\/amicsdelcarme.com\/?p=5927"},"modified":"2022-03-23T21:34:41","modified_gmt":"2022-03-23T20:34:41","slug":"quo-vadis-ciutat-vella-lajuntament-ven-50-habitatges-per-fer-apartaments-turistics","status":"publish","type":"post","link":"https:\/\/amicsdelcarme.com\/es\/quo-vadis-ciutat-vella-lajuntament-ven-50-habitatges-per-fer-apartaments-turistics\/","title":{"rendered":"Quo vadis Ciutat Vella? L\u2019ajuntament ven 50 habitatges per fer apartaments tur\u00edstics"},"content":{"rendered":"\n<h5 style=\"text-align: right;\"><span style=\"color: #003366;\"><em>La ciega entrega a la especulaci\u00f3n y al turismo <br>llevaba tiempo dejando el centro de la Ciudad sin vecinos y sin libros.<br>Solo polic\u00edas y gente desorientada<br><\/em><\/span><span style=\"color: #003300;\"><strong>La noche fenomenal<\/strong><\/span><br><span style=\"color: #003366;\">Javier P\u00e9rez And\u00fajar<\/span><\/h5>\n<p>El centre hist\u00f2ric de Val\u00e8ncia ha estat transformat de manera cont\u00ednua en les \u00faltimes d\u00e8cades. Hem passat de l\u2019era de <strong>Rita Barber\u00e1<\/strong> embellint la ciutat i situant Val\u00e8ncia en el mapa tur\u00edstic internacional a l\u2019era de <strong>Joan Rib\u00f3<\/strong> en qu\u00e8 s\u2019ha reverdit i s\u2019ha transformat tecnol\u00f2gicament per convertir-la en referent de les tech-cities o smart-cities mundials.<\/p>\n<p>Aquests canvis han estat impulsats pel consistori amb programes pol\u00edtics completament oposats. No obstant aix\u00f2, i partint de premisses diferents, els aliats dels mandataris consistorials no han canviat. S\u00f3n el poder financer, els grans lobbies, les grans companyies i els esl\u00f2gans grandilocuents: \u201cVal\u00e8ncia, qu\u00e8 bonica est\u00e0s!\u201d, \u201cThink Big\u201d, \u201cVal\u00e8ncia Tech City\u201d, i la paella, B\u00e9 d\u2019Inter\u00e8s Cultural. Aix\u00ed, a colp de consignes publicit\u00e0ries, els nostres responsables han aconseguit conv\u00e9ncer la pleb de les bonances de les seues actuacions i tindre-la contenta.<\/p>\n<p>Per\u00f2 la realitat \u00e9s m\u00e9s dura i sorprenent que els titulars i els esl\u00f2gans.<\/p>\n<p>Els residents de Ciutat Vella hem vist com en els \u00faltims anys els responsables de l\u2019\u00e0rea d\u2019urbanisme de l\u2019Ajuntament han remat avant i arrere amb el programa de pol\u00edtiques que, en teoria, beneficien la residencialitat del centre hist\u00f2ric. Per\u00f2 han fingit de tal manera que han actuat per pura convenic\u00e8ncia.<\/p>\n<p>Quan va comen\u00e7ar l&#8217;elaboraci\u00f3 del PEP, ens van embarcar en un proc\u00e9s participatiu on es demanava un fre efectiu a la turistificaci\u00f3 de Ciutat Vella i la gentrificaci\u00f3 de barris com el Mercat, la Seu, Xerea i Velluters. Tamb\u00e9 es demanava la protecci\u00f3 del patrimoni hist\u00f2ric de Ciutat Vella i modificar el planejament que permetia la destrucci\u00f3 i desaparici\u00f3 d\u2019edificis hist\u00f2rics i de carrers medievals. Res d\u2019a\u00e7\u00f2 va ser escoltat.<\/p>\n<p><span style=\"color: #003300;\"><strong>En els \u00faltims anys, i arran al pla ocult del departament d\u2019Urbanisme d\u2019afavorir el canvi d\u2019\u00fas residencial per \u00fas hoteler de solars i d\u2019edificis sencers, hem assistit tant a la venda d\u2019edificis constru\u00efts per AUMSA destinats a habitatges socials (carrer de Recared) com a la venda de solars p\u00fablics, on es preveia la construcci\u00f3 de 50 habitatges plurifamiliars i que ara es tramita per a apartaments tur\u00edstics (carrer dels Exarch).<\/strong><\/span><\/p>\n<p><img loading=\"lazy\" decoding=\"async\" class=\"aligncenter wp-image-5932 size-full\" src=\"https:\/\/amicsdelcarme.com\/wp-content\/uploads\/2021\/12\/Levante_Exarch.png\" alt=\"\" width=\"1270\" height=\"881\" srcset=\"https:\/\/amicsdelcarme.com\/wp-content\/uploads\/2021\/12\/Levante_Exarch.png 1270w, https:\/\/amicsdelcarme.com\/wp-content\/uploads\/2021\/12\/Levante_Exarch-300x208.png 300w, https:\/\/amicsdelcarme.com\/wp-content\/uploads\/2021\/12\/Levante_Exarch-768x533.png 768w\" sizes=\"auto, (max-width: 1270px) 100vw, 1270px\" \/><\/p>\n<p>En els vells textos b\u00edblics hi ha advert\u00e8ncies de falsos profetes i la imatge del llop disfressat d\u2019ovella.<\/p>\n<p>\u201cAix\u00ed \u00e9s que, pels seus fruits els coneixereu\u201d (Mt 7:20).<\/p>\n","protected":false},"excerpt":{"rendered":"<p>El centre hist\u00f2ric de Val\u00e8ncia ha estat transformat de manera cont\u00ednua en les \u00faltimes d\u00e8cades. Hem passat de l\u2019era de Rita Barber\u00e1 embellint la ciutat i situant Val\u00e8ncia en el mapa tur\u00edstic internacional a l\u2019era de Joan Rib\u00f3 en qu\u00e8 s\u2019ha reverdit i s\u2019ha transformat tecnol\u00f2gicament per convertir-la en referent de les tech-cities o smart-cities mundials.<\/p>\n","protected":false},"author":1,"featured_media":5932,"comment_status":"open","ping_status":"open","sticky":false,"template":"","format":"standard","meta":{"_acf_changed":false,"footnotes":""},"categories":[39,42,38],"tags":[],"class_list":["post-5927","post","type-post","status-publish","format-standard","has-post-thumbnail","hentry","category-actualitat","category-el-barri","category-urbanisme"],"acf":[],"_links":{"self":[{"href":"https:\/\/amicsdelcarme.com\/es\/wp-json\/wp\/v2\/posts\/5927","targetHints":{"allow":["GET"]}}],"collection":[{"href":"https:\/\/amicsdelcarme.com\/es\/wp-json\/wp\/v2\/posts"}],"about":[{"href":"https:\/\/amicsdelcarme.com\/es\/wp-json\/wp\/v2\/types\/post"}],"author":[{"embeddable":true,"href":"https:\/\/amicsdelcarme.com\/es\/wp-json\/wp\/v2\/users\/1"}],"replies":[{"embeddable":true,"href":"https:\/\/amicsdelcarme.com\/es\/wp-json\/wp\/v2\/comments?post=5927"}],"version-history":[{"count":5,"href":"https:\/\/amicsdelcarme.com\/es\/wp-json\/wp\/v2\/posts\/5927\/revisions"}],"predecessor-version":[{"id":5939,"href":"https:\/\/amicsdelcarme.com\/es\/wp-json\/wp\/v2\/posts\/5927\/revisions\/5939"}],"wp:featuredmedia":[{"embeddable":true,"href":"https:\/\/amicsdelcarme.com\/es\/wp-json\/wp\/v2\/media\/5932"}],"wp:attachment":[{"href":"https:\/\/amicsdelcarme.com\/es\/wp-json\/wp\/v2\/media?parent=5927"}],"wp:term":[{"taxonomy":"category","embeddable":true,"href":"https:\/\/amicsdelcarme.com\/es\/wp-json\/wp\/v2\/categories?post=5927"},{"taxonomy":"post_tag","embeddable":true,"href":"https:\/\/amicsdelcarme.com\/es\/wp-json\/wp\/v2\/tags?post=5927"}],"curies":[{"name":"wp","href":"https:\/\/api.w.org\/{rel}","templated":true}]}}