{"id":5892,"date":"2021-12-16T23:07:13","date_gmt":"2021-12-16T22:07:13","guid":{"rendered":"https:\/\/amicsdelcarme.com\/?p=5892"},"modified":"2021-12-17T23:41:43","modified_gmt":"2021-12-17T22:41:43","slug":"villancicos-y-luces-navidenas-contra-la-turistificacion-del-centro-historico","status":"publish","type":"post","link":"https:\/\/amicsdelcarme.com\/es\/villancicos-y-luces-navidenas-contra-la-turistificacion-del-centro-historico\/","title":{"rendered":"Villancicos y luces navide\u00f1as contra la turistificaci\u00f3n del centro hist\u00f3rico"},"content":{"rendered":"\n<h3><strong>El vecindario de Ciutat Vella organiza un acto navide\u00f1o en la calle Alta \/ Mosen Sorell, una acci\u00f3n contra de la expulsi\u00f3n de residentes del centro hist\u00f3rico<\/strong><\/h3>\n<p><strong>La plataforma Ve\u00efnat en Perill d\u2019Extinci\u00f3 convoca a los residentes del centro hist\u00f3rico el pr\u00f3ximo viernes 17 de diciembre a las 20h a una acci\u00f3n de protesta en la cual, aprovechando la llegada de las fiestas de Navidad, cantar\u00e1n villancicos reivindicativos y proyectar\u00e1n audiovisuales recordando los m\u00faltiples casos de expulsi\u00f3n de residentes vividos en Ciutat Vella en los \u00faltimos meses.<\/strong><\/p>\n<p><div class=\"embed-responsive embed-responsive-16by9 mb-30\"><iframe loading=\"lazy\" title=\"Nadal 2021\" width=\"1170\" height=\"658\" src=\"https:\/\/www.youtube.com\/embed\/ciVMLNy4z3A?feature=oembed\" frameborder=\"0\" allow=\"accelerometer; autoplay; clipboard-write; encrypted-media; gyroscope; picture-in-picture\" allowfullscreen><\/iframe><\/div><\/p>\n<p>La acci\u00f3n ha sido convocada mediante el lema \u201cNuestras casas son nuestras vidas, no las regal\u00e9is\u201d y un video donde se pueden ver a los tres reyes magos recorriendo el centro hist\u00f3rico y regalando casas a una entidad bancaria. Tres reyes magos que, al final del video, se descubre que representan a los diferentes partidos pol\u00edticos en el Ayuntamiento de Valencia y en la Generalitat Valenciana.<\/p>\n<p><a href=\"https:\/\/www.youtube.com\/watch?v=ciVMLNy4z3A\">MANIFIESTO 2021 <strong>Sin vecindario no hay barrio<\/strong><\/a><\/p>\n<p><div class=\"embed-responsive embed-responsive-16by9 mb-30\"><iframe loading=\"lazy\" title=\"video Miguel H\" width=\"1170\" height=\"658\" src=\"https:\/\/www.youtube.com\/embed\/JCPjuKAhymU?feature=oembed\" frameborder=\"0\" allow=\"accelerometer; autoplay; clipboard-write; encrypted-media; gyroscope; picture-in-picture\" allowfullscreen><\/iframe><\/div><\/p>\n<p>Durante la acci\u00f3n el vecindario de Ciutat Vella cantar\u00e1 villancicos tradicionales, adaptando las letras para denunciar la especulaci\u00f3n presente en el barrio, el impacto negativo del turismo y la continua expulsi\u00f3n de vecindario. Adem\u00e1s, a modo de encendido de luces navide\u00f1as, proyectar\u00e1n una serie de videos denunciando casos como el de Turia, Caixers o Soguers, que se han ido quedando sin vecindario a consecuencia de la falta de acci\u00f3n por parte de las administraciones p\u00fablicas.<\/p>\n<p>Esta acci\u00f3n ha sido organizada por la plataforma Ve\u00efnat en Perill d\u2019Extinci\u00f3, donde confluyen diferentes colectivos vecinales del centro hist\u00f3rico de Valencia que desde 2017 se organizan para hacer frente a la din\u00e1mica de turistificaci\u00f3n de Ciutat Vella y para luchar por el derecho a la vivienda y la ciudad. \u201cEst\u00e1n regalando nuestras casas a entidades bancarias y fondos inversores, los vecinos de Ciutat Vella estamos siendo expulsados y el Ayuntamiento contin\u00faa sin hacer nada\u201d explica una de las miembros de esta plataforma.<\/p>\n","protected":false},"excerpt":{"rendered":"<p>El vecindario de Ciutat Vella organiza un acto navide\u00f1o de protesta en contra de la expulsi\u00f3n de residentes del centro hist\u00f3rico<\/p>\n","protected":false},"author":1,"featured_media":5921,"comment_status":"open","ping_status":"open","sticky":false,"template":"","format":"standard","meta":{"_acf_changed":false,"footnotes":""},"categories":[72,39],"tags":[],"class_list":["post-5892","post","type-post","status-publish","format-standard","has-post-thumbnail","hentry","category-actualitat-es","category-actualitat"],"acf":[],"_links":{"self":[{"href":"https:\/\/amicsdelcarme.com\/es\/wp-json\/wp\/v2\/posts\/5892","targetHints":{"allow":["GET"]}}],"collection":[{"href":"https:\/\/amicsdelcarme.com\/es\/wp-json\/wp\/v2\/posts"}],"about":[{"href":"https:\/\/amicsdelcarme.com\/es\/wp-json\/wp\/v2\/types\/post"}],"author":[{"embeddable":true,"href":"https:\/\/amicsdelcarme.com\/es\/wp-json\/wp\/v2\/users\/1"}],"replies":[{"embeddable":true,"href":"https:\/\/amicsdelcarme.com\/es\/wp-json\/wp\/v2\/comments?post=5892"}],"version-history":[{"count":5,"href":"https:\/\/amicsdelcarme.com\/es\/wp-json\/wp\/v2\/posts\/5892\/revisions"}],"predecessor-version":[{"id":5909,"href":"https:\/\/amicsdelcarme.com\/es\/wp-json\/wp\/v2\/posts\/5892\/revisions\/5909"}],"wp:featuredmedia":[{"embeddable":true,"href":"https:\/\/amicsdelcarme.com\/es\/wp-json\/wp\/v2\/media\/5921"}],"wp:attachment":[{"href":"https:\/\/amicsdelcarme.com\/es\/wp-json\/wp\/v2\/media?parent=5892"}],"wp:term":[{"taxonomy":"category","embeddable":true,"href":"https:\/\/amicsdelcarme.com\/es\/wp-json\/wp\/v2\/categories?post=5892"},{"taxonomy":"post_tag","embeddable":true,"href":"https:\/\/amicsdelcarme.com\/es\/wp-json\/wp\/v2\/tags?post=5892"}],"curies":[{"name":"wp","href":"https:\/\/api.w.org\/{rel}","templated":true}]}}