{"id":5868,"date":"2021-12-16T20:07:59","date_gmt":"2021-12-16T19:07:59","guid":{"rendered":"https:\/\/amicsdelcarme.com\/?p=5868"},"modified":"2021-12-21T13:00:00","modified_gmt":"2021-12-21T12:00:00","slug":"sense-veinat-no-hi-ha-barri","status":"publish","type":"post","link":"https:\/\/amicsdelcarme.com\/es\/sense-veinat-no-hi-ha-barri\/","title":{"rendered":"SENSE VE\u00cfNAT NO HI HA BARRI"},"content":{"rendered":"\n<p><br>El retorn a la \u201cnormalitat\u201d, despr\u00e9s de l\u2019\u00e8poca m\u00e9s dura de la pand\u00e8mia, ha suposat el retorn de la turistificaci\u00f3 a Ciutat Vella. Ni les dificultats que va patir l\u2019hostaleria i el comer\u00e7 dedicat en exclusiva al turisme durant l\u2019estat d\u2019alarma, ni tampoc les alarmes internacionals per la crisi clim\u00e0tica han servit per a reflexionar sobre el model de ciutat que estem construint.<\/p>\n<p><img loading=\"lazy\" decoding=\"async\" class=\"alignnone size-large wp-image-5920\" src=\"https:\/\/amicsdelcarme.com\/wp-content\/uploads\/2021\/12\/photo_2021-12-17_22-36-38-750x400.jpg\" alt=\"\" width=\"750\" height=\"400\">La realitat \u00e9s que continuen arribant avions i creuers plens de turistes, continuen tancant comer\u00e7os de proximitat per obrir-ne de souvenirs o de lloguer de bicis, continuen proliferant els hotels i els apartaments tur\u00edstics i continua ocupant-se l\u2019espai p\u00fablic per a benefici privat. Res ha canviat.<\/p>\n<p>A Ciutat Vella no s\u2019ha aturat l\u2019expulsi\u00f3 del ve\u00efnat: cada dia tenim not\u00edcies de ve\u00efnes a qui no renoven el lloguer, a qui acosen o a qui desnonen per a fer lloc a apartaments tur\u00edstics. Ho hem viscut al carrer Caixers, al carrer T\u00faria o al carrer Soguers. I en tots ells, a m\u00e9s, amb un patr\u00f3 com\u00fa: l\u2019actuaci\u00f3 nefasta de les institucions p\u00fabliques. En tots tres casos, els responsables pol\u00edtics han tingut informaci\u00f3 de primera m\u00e0, han fet declaracions p\u00fabliques en defensa del ve\u00efnat&#8230; per\u00f2, a l\u2019hora de la veritat, no han fet res per evitar-ne l\u2019expulsi\u00f3. &nbsp;Aix\u00ed, al portal 2 de Caixers, de 15 ve\u00efnes, nom\u00e9s en queden dues; al portal 2 de Soguers, de 27 ve\u00efnes nom\u00e9s en queden 12; i als portals 49-51 del carrer T\u00faria, de 16 fam\u00edlies, no en queda cap. I aquests s\u00f3n nom\u00e9s els casos que han eixit a la llum.<\/p>\n<p>El problema no \u00e9s exclusiu de Ciutat Vella: al Cabanyal, a Benimaclet, a la Sa\u00efdia i a molts altres barris hi ha la mateixa problem\u00e0tica.&nbsp; I mentrestant, les institucions sembla que miren cap a una altra banda.<\/p>\n<p><strong>Des de Ve\u00efnat en Perill d\u2019Extinci\u00f3 exigim a les autoritats municipals i auton\u00f2miques que actuen amb contund\u00e8ncia i es posicionen clarament del costat del ve\u00efnat i contra la turistificaci\u00f3 i la gentrificaci\u00f3 dels barris, contra l\u2019especulaci\u00f3 amb l\u2019habitatge.<\/strong><\/p>\n<p>Les nostres cases i els nostres barris s\u00f3n les nostres vides; ara, per Nadal, \u00e9s una bona \u00e8poca per a recordar que no s\u2019hi val a jugar a amb elles; que no es poden regalar al capital especulatiu.<\/p>\n<p>Fem una crida tamb\u00e9 a tot els ve\u00efnat a denunciar els casos d\u2019expulsi\u00f3, cal que tot el m\u00f3n s\u00e0piga el que est\u00e0 passant; i cal que ens organitzem i lluitem per evitar-ho, perqu\u00e8 nom\u00e9s un barri unit i organitzat pot aturar la gentrificaci\u00f3!<\/p>\n<p><img loading=\"lazy\" decoding=\"async\" class=\"alignnone wp-image-5913 size-full\" src=\"https:\/\/amicsdelcarme.com\/wp-content\/uploads\/2021\/12\/photo_2021-12-17_22-40-34.jpg\" alt=\"\" width=\"960\" height=\"1280\" srcset=\"https:\/\/amicsdelcarme.com\/wp-content\/uploads\/2021\/12\/photo_2021-12-17_22-40-34.jpg 960w, https:\/\/amicsdelcarme.com\/wp-content\/uploads\/2021\/12\/photo_2021-12-17_22-40-34-225x300.jpg 225w, https:\/\/amicsdelcarme.com\/wp-content\/uploads\/2021\/12\/photo_2021-12-17_22-40-34-768x1024.jpg 768w\" sizes=\"auto, (max-width: 960px) 100vw, 960px\" \/><\/p>\n","protected":false},"excerpt":{"rendered":"<p>El retorn a la \u201cnormalitat\u201d, despr\u00e9s de l\u2019\u00e8poca m\u00e9s dura de la pand\u00e8mia, ha suposat el retorn de la turistificaci\u00f3 a Ciutat Vella. Ni les dificultats que va patir l\u2019hostaleria i el comer\u00e7 dedicat en exclusiva al turisme durant l\u2019estat d\u2019alarma, ni tampoc les alarmes internacionals per la crisi clim\u00e0tica han servit per a reflexionar sobre el model de ciutat que estem construint.<\/p>\n","protected":false},"author":1,"featured_media":5859,"comment_status":"open","ping_status":"open","sticky":false,"template":"","format":"standard","meta":{"_acf_changed":false,"footnotes":""},"categories":[38],"tags":[],"class_list":["post-5868","post","type-post","status-publish","format-standard","has-post-thumbnail","hentry","category-urbanisme"],"acf":[],"_links":{"self":[{"href":"https:\/\/amicsdelcarme.com\/es\/wp-json\/wp\/v2\/posts\/5868","targetHints":{"allow":["GET"]}}],"collection":[{"href":"https:\/\/amicsdelcarme.com\/es\/wp-json\/wp\/v2\/posts"}],"about":[{"href":"https:\/\/amicsdelcarme.com\/es\/wp-json\/wp\/v2\/types\/post"}],"author":[{"embeddable":true,"href":"https:\/\/amicsdelcarme.com\/es\/wp-json\/wp\/v2\/users\/1"}],"replies":[{"embeddable":true,"href":"https:\/\/amicsdelcarme.com\/es\/wp-json\/wp\/v2\/comments?post=5868"}],"version-history":[{"count":5,"href":"https:\/\/amicsdelcarme.com\/es\/wp-json\/wp\/v2\/posts\/5868\/revisions"}],"predecessor-version":[{"id":5926,"href":"https:\/\/amicsdelcarme.com\/es\/wp-json\/wp\/v2\/posts\/5868\/revisions\/5926"}],"wp:featuredmedia":[{"embeddable":true,"href":"https:\/\/amicsdelcarme.com\/es\/wp-json\/wp\/v2\/media\/5859"}],"wp:attachment":[{"href":"https:\/\/amicsdelcarme.com\/es\/wp-json\/wp\/v2\/media?parent=5868"}],"wp:term":[{"taxonomy":"category","embeddable":true,"href":"https:\/\/amicsdelcarme.com\/es\/wp-json\/wp\/v2\/categories?post=5868"},{"taxonomy":"post_tag","embeddable":true,"href":"https:\/\/amicsdelcarme.com\/es\/wp-json\/wp\/v2\/tags?post=5868"}],"curies":[{"name":"wp","href":"https:\/\/api.w.org\/{rel}","templated":true}]}}