{"id":5847,"date":"2021-12-14T11:20:09","date_gmt":"2021-12-14T10:20:09","guid":{"rendered":"https:\/\/amicsdelcarme.com\/?p=5847"},"modified":"2021-12-17T01:35:41","modified_gmt":"2021-12-17T00:35:41","slug":"valencia-ciutat-mitica","status":"publish","type":"post","link":"https:\/\/amicsdelcarme.com\/es\/valencia-ciutat-mitica\/","title":{"rendered":"VAL\u00c8NCIA, CIUTAT M\u00cdTICA."},"content":{"rendered":"\n<h5><span style=\"color: #003366;\"><em>Intervenci\u00f3 de Lluis Mira al Consell Local de Turisme del passat 10 de desembre<\/em><\/span><\/h5>\n<p>Estimades se\u00f1ores, estimats senyors del Consell Municipal de Turisme:<\/p>\n<p>Des de la Junta de Districte de Ciutat Vella, hem escoltat amb completa atenci\u00f3 el balan\u00e7 fet per VisitVal\u00e8ncia de les activitats efectuades al llarg de 2021.<\/p>\n<p>Per\u00f2&nbsp; entre les propostes i actuacions previstes per al proper any 2022 trobem algunes mancances que esperem que hagen sigut un lapsus i una ocultaci\u00f3 involunt\u00e0ria dels reptes que cal escometre.<\/p>\n<p><strong>\u00c9s completament necessari que l\u2019ajuntament abandone la idea d\u2019implementar una Ordenan\u00e7a sobre Habitatges Tur\u00edstics Ocasionals que transformaria qualsevol habitatge en un apartament tur\u00edstic, independentment del pis en qu\u00e8 es troba i del barri en que es troba i del Pla Especial que hi haja en qualsevol dels districtes de Val\u00e8ncia.<\/strong><\/p>\n<p>Tamb\u00e9 \u00e9s imprescindible que l\u2019ajuntament active un pla d\u2019inspecci\u00f3 per al 70% de l\u2019oferta d\u2019allotjament il\u00b7legal que actualment opera a Val\u00e8ncia: cal l\u2019exig\u00e8ncia del certificat de compatibilitat urban\u00edstica per exercir dita activitat tur\u00edstica que pocs beneficis aporta.<\/p>\n<p>L\u2019amena\u00e7a constant que suposa la terciaritzaci\u00f3 i la mercantilitzaci\u00f3 d\u2019un b\u00e9 de primera necessitat com \u00e9s una casa, una llar, un habitatge \u00e9s un malviure constant en les zones tur\u00edsticament tensionades que patim en diversos districtes valencians.<\/p>\n<p>\u00c9s evident l\u2019alarma social en all\u00f3 que des de l\u2019ajuntament de Val\u00e8ncia s\u2019anomena&nbsp;\u201cdiversificaci\u00f3\u201d o \u201cdeslocalitzaci\u00f3\u201d de l\u2019actual acumulaci\u00f3 dels allotjaments tur\u00edstics: Extramurs, Mar\u00edtim, Russafa o Sa\u00efdia, a m\u00e9s de la malferida Ciutat Vella que sagna per totes les ferides.<\/p>\n<p>Tampoc volem que s\u2019obvie la hipocresia institucional dels nostres dirigents, de tot l\u2019equip de govern de l\u2019ajuntament i en concret de VisitVal\u00e8ncia que, mentre difon un missatge de <img loading=\"lazy\" decoding=\"async\" class=\"aligncenter wp-image-5852 size-full\" src=\"https:\/\/amicsdelcarme.com\/wp-content\/uploads\/2021\/12\/CT_21.png\" alt=\"\" width=\"1496\" height=\"883\" srcset=\"https:\/\/amicsdelcarme.com\/wp-content\/uploads\/2021\/12\/CT_21.png 1496w, https:\/\/amicsdelcarme.com\/wp-content\/uploads\/2021\/12\/CT_21-300x177.png 300w, https:\/\/amicsdelcarme.com\/wp-content\/uploads\/2021\/12\/CT_21-768x453.png 768w\" sizes=\"auto, (max-width: 1496px) 100vw, 1496px\" \/>\u201cresponsabilitat i sostenibilitat\u201d, es vanta i s\u2019enorgulleix del creixement continuat de les xifres dels visitants a Val\u00e8ncia.<\/p>\n<p>Poc, o gens, es preocupa de la destrucci\u00f3 del teixit social valenci\u00e0: ja est\u00e0 servida.<\/p>\n<p>Mentre l\u2019ajuntament no pose mesures reals i efectives dirigides al decreixement tur\u00edstic salvatge en qu\u00e8 estem immersos i que promou amb el model actual de ciutat tur\u00edstica, haur\u00e0 perdut la confian\u00e7a de la ciutadania que percep una creixent gentrificaci\u00f3 de barris residencials on els monuments s\u00f3n el decorat i el residents s\u00f3n els extres d\u2019una pel\u00b7l\u00edcula que en breu qualificarem de dist pica. La vida quotidiana es fa insofrible, i davant la p\u00e8rdua del comer\u00e7 de proximitat i l\u2019augment de les mol\u00e8sties de mobilitat i el soroll creixent de les terrasses a altes hores de la nit, a les persones que volen mantenir un nivell acceptable de salubritat en el seu entorn m\u00e9s immediat nom\u00e9s tenen l\u2019opci\u00f3 de deixar la casa on han viscut, deixar el projecte de vida que havien dissenyat per als propers anys i marxar a un altre barri on la conviv\u00e8ncia di\u00e0ria no siga una guerra cont\u00ednua contra els entrebancs, les mol\u00e8sties, els sorolls i l\u2019ocupaci\u00f3 desmesurada de l\u2019espai p\u00fablic.<\/p>\n<p>Desitjariem que VisitVal\u00e8ncia abandonara el model de ciutat que proposa. Que Ciutat Vella no siga \u201cCiutat M\u00edtica\u201d o que es publicite com a un \u201cCentre Comercial Obert\u201d. El ve\u00efnat no vol viure en un centre comercial. Vol uns barris amables i propers, i no sentir-se com a objecte-consumidor de la vor\u00e0gine consumista. Aquest \u00e9s un model perjudicial per a la ciutat i per al ve\u00efnat resident: la conseq\u00fc\u00e8ncia ser\u00e0 la despoblaci\u00f3 del centre hist ric.<\/p>\n<p>Proposem al Consell Municipal de Turisme que use part dels 7\u20195 milions d\u2019\u20ac per pal\u00b7liar els perjudicis de la ind\u00fastria tur\u00edstica: la destrossa social que provoca.<\/p>\n","protected":false},"excerpt":{"rendered":"<p>\u00c9s completament necessari que l\u2019ajuntament abandone la idea d\u2019implementar una Ordenan\u00e7a sobre Habitatges Tur\u00edstics Ocasionals que transformaria qualsevol habitatge en un apartament tur\u00edstic, independentment del pis en qu\u00e8 es troba i del barri en que es troba i del Pla Especial que hi haja en qualsevol dels districtes de Val\u00e8ncia.<\/p>\n","protected":false},"author":1,"featured_media":5848,"comment_status":"open","ping_status":"open","sticky":false,"template":"","format":"standard","meta":{"_acf_changed":false,"footnotes":""},"categories":[39,42],"tags":[],"class_list":["post-5847","post","type-post","status-publish","format-standard","has-post-thumbnail","hentry","category-actualitat","category-el-barri"],"acf":[],"_links":{"self":[{"href":"https:\/\/amicsdelcarme.com\/es\/wp-json\/wp\/v2\/posts\/5847","targetHints":{"allow":["GET"]}}],"collection":[{"href":"https:\/\/amicsdelcarme.com\/es\/wp-json\/wp\/v2\/posts"}],"about":[{"href":"https:\/\/amicsdelcarme.com\/es\/wp-json\/wp\/v2\/types\/post"}],"author":[{"embeddable":true,"href":"https:\/\/amicsdelcarme.com\/es\/wp-json\/wp\/v2\/users\/1"}],"replies":[{"embeddable":true,"href":"https:\/\/amicsdelcarme.com\/es\/wp-json\/wp\/v2\/comments?post=5847"}],"version-history":[{"count":4,"href":"https:\/\/amicsdelcarme.com\/es\/wp-json\/wp\/v2\/posts\/5847\/revisions"}],"predecessor-version":[{"id":5906,"href":"https:\/\/amicsdelcarme.com\/es\/wp-json\/wp\/v2\/posts\/5847\/revisions\/5906"}],"wp:featuredmedia":[{"embeddable":true,"href":"https:\/\/amicsdelcarme.com\/es\/wp-json\/wp\/v2\/media\/5848"}],"wp:attachment":[{"href":"https:\/\/amicsdelcarme.com\/es\/wp-json\/wp\/v2\/media?parent=5847"}],"wp:term":[{"taxonomy":"category","embeddable":true,"href":"https:\/\/amicsdelcarme.com\/es\/wp-json\/wp\/v2\/categories?post=5847"},{"taxonomy":"post_tag","embeddable":true,"href":"https:\/\/amicsdelcarme.com\/es\/wp-json\/wp\/v2\/tags?post=5847"}],"curies":[{"name":"wp","href":"https:\/\/api.w.org\/{rel}","templated":true}]}}