{"id":5823,"date":"2021-12-06T10:53:45","date_gmt":"2021-12-06T09:53:45","guid":{"rendered":"https:\/\/amicsdelcarme.com\/?p=5823"},"modified":"2022-01-04T01:52:11","modified_gmt":"2022-01-04T00:52:11","slug":"lurbanisme-de-ciutat-vella-en-estat-dalarma-1","status":"publish","type":"post","link":"https:\/\/amicsdelcarme.com\/es\/lurbanisme-de-ciutat-vella-en-estat-dalarma-1\/","title":{"rendered":"Les ru\u00efnes de la Llonja"},"content":{"rendered":"\n<div class=\"kvgmc6g5 cxmmr5t8 oygrvhab hcukyx3x c1et5uql ii04i59q\">\n<h4 dir=\"auto\">L&#8217;urbanisme de Ciutat Vella en estat d&#8217;alarma (1)<\/h4>\n<div dir=\"auto\">A la pla\u00e7a del Dr. Collado hi ha dos edificis que formen part de l\u2019entorn BIC de la Llonja de Mercaders, els seus soterranis formaven part del sistema d\u2019emmagatzemar utilitzat pels mercaders.<\/div>\n<\/div>\n<div dir=\"auto\">&nbsp;<\/div>\n<div class=\"o9v6fnle cxmmr5t8 oygrvhab hcukyx3x c1et5uql ii04i59q\">\n<div dir=\"auto\">Dos bells edificis que des de fa d\u00e8cades comparteixen un greu estat de degradaci\u00f3. En un d\u2019ells les dos plantes superiors van tindre que ser demolides de manera que est\u00e0 escap\u00e7at i amb un cobriment provisional.<\/div>\n<\/div>\n<div class=\"o9v6fnle cxmmr5t8 oygrvhab hcukyx3x c1et5uql ii04i59q\">\n<div dir=\"auto\">Comparteixen tamb\u00e9 un projecte de restauraci\u00f3 que hauria de conduir a la restituci\u00f3 i rehabilitaci\u00f3 integrals.<\/div>\n<div dir=\"auto\">&nbsp;<\/div>\n<\/div>\n<div class=\"o9v6fnle cxmmr5t8 oygrvhab hcukyx3x c1et5uql ii04i59q\">\n<div dir=\"auto\">En l\u2019actualitat, superats els temps m\u00e9s durs i restrictius de la pand\u00e8mia, amb el sector de la construcci\u00f3 en ple funcionament, no es justifica que els treballs de restauraci\u00f3 continuen parats.<\/div>\n<div dir=\"auto\">&nbsp;<\/div>\n<\/div>\n<div class=\"o9v6fnle cxmmr5t8 oygrvhab hcukyx3x c1et5uql ii04i59q\">\n<div dir=\"auto\">L\u2019edifici n\u00ba3 apareix escap\u00e7at com sempre, el n\u00ba2 tapat amb un lona que anuncia una rehabilitaci\u00f3 paralitzada i una tanca met\u00e0l\u00b7lica provisional en planta baixa completa el panorama.<\/div>\n<div dir=\"auto\">&nbsp;<\/div>\n<\/div>\n<div class=\"o9v6fnle cxmmr5t8 oygrvhab hcukyx3x c1et5uql ii04i59q\">\n<div dir=\"auto\">Considerem que no \u00e9s acceptable que, despr\u00e9s de tants anys (decades), edificis de l\u2019entorn de la Llonja continuen en eixe estat de degradaci\u00f3 i que \u00e9s urgent la represa de les obres.<\/div>\n<div dir=\"auto\">&nbsp;<\/div>\n<\/div>\n<div class=\"o9v6fnle cxmmr5t8 oygrvhab hcukyx3x c1et5uql ii04i59q\">\n<div dir=\"auto\">Es per aix\u00f2 que hem demanat a l\u2019Area d\u2019Urbanisme que dirigeix Sandra G\u00f2mez, la represa dels treballs de restauraci\u00f3 iniciats i, sembla, que oblidats.<\/div>\n<div dir=\"auto\">&nbsp;<\/div>\n<\/div>\n<div class=\"o9v6fnle cxmmr5t8 oygrvhab hcukyx3x c1et5uql ii04i59q\">\n<div dir=\"auto\">Una vegada mes, la suposada protecci\u00f3 del Pla Especial de Protecci\u00f3 de Ciutat Vella a estos dos rellevants edificis li serveix per a ben poc<\/div>\n<\/div>\n","protected":false},"excerpt":{"rendered":"<p>Considerem que no \u00e9s acceptable que, despr\u00e9s de tants anys (decades), edificis de l\u2019entorn de la Llonja continuen en eixe estat de degradaci\u00f3 i que \u00e9s urgent la represa de les obres.<\/p>\n<p>Es per aix\u00f2 que hem demanat a l\u2019Area d\u2019Urbanisme que dirigeix Sandra G\u00f2mez, la represa dels treballs de restauraci\u00f3 iniciats i, sembla, que oblidats.<\/p>\n","protected":false},"author":1,"featured_media":5824,"comment_status":"open","ping_status":"open","sticky":false,"template":"","format":"standard","meta":{"_acf_changed":false,"footnotes":""},"categories":[39,38],"tags":[],"class_list":["post-5823","post","type-post","status-publish","format-standard","has-post-thumbnail","hentry","category-actualitat","category-urbanisme"],"acf":[],"_links":{"self":[{"href":"https:\/\/amicsdelcarme.com\/es\/wp-json\/wp\/v2\/posts\/5823","targetHints":{"allow":["GET"]}}],"collection":[{"href":"https:\/\/amicsdelcarme.com\/es\/wp-json\/wp\/v2\/posts"}],"about":[{"href":"https:\/\/amicsdelcarme.com\/es\/wp-json\/wp\/v2\/types\/post"}],"author":[{"embeddable":true,"href":"https:\/\/amicsdelcarme.com\/es\/wp-json\/wp\/v2\/users\/1"}],"replies":[{"embeddable":true,"href":"https:\/\/amicsdelcarme.com\/es\/wp-json\/wp\/v2\/comments?post=5823"}],"version-history":[{"count":4,"href":"https:\/\/amicsdelcarme.com\/es\/wp-json\/wp\/v2\/posts\/5823\/revisions"}],"predecessor-version":[{"id":6008,"href":"https:\/\/amicsdelcarme.com\/es\/wp-json\/wp\/v2\/posts\/5823\/revisions\/6008"}],"wp:featuredmedia":[{"embeddable":true,"href":"https:\/\/amicsdelcarme.com\/es\/wp-json\/wp\/v2\/media\/5824"}],"wp:attachment":[{"href":"https:\/\/amicsdelcarme.com\/es\/wp-json\/wp\/v2\/media?parent=5823"}],"wp:term":[{"taxonomy":"category","embeddable":true,"href":"https:\/\/amicsdelcarme.com\/es\/wp-json\/wp\/v2\/categories?post=5823"},{"taxonomy":"post_tag","embeddable":true,"href":"https:\/\/amicsdelcarme.com\/es\/wp-json\/wp\/v2\/tags?post=5823"}],"curies":[{"name":"wp","href":"https:\/\/api.w.org\/{rel}","templated":true}]}}