{"id":5760,"date":"2021-11-16T13:57:24","date_gmt":"2021-11-16T12:57:24","guid":{"rendered":"https:\/\/amicsdelcarme.com\/?p=5760"},"modified":"2021-11-29T11:24:29","modified_gmt":"2021-11-29T10:24:29","slug":"descobrim-ciutat-vella-a-la-tardor","status":"publish","type":"post","link":"https:\/\/amicsdelcarme.com\/es\/descobrim-ciutat-vella-a-la-tardor\/","title":{"rendered":"Descobrim Ciutat Vella a la tardor"},"content":{"rendered":"\n<p><br>Amics del Carme organitza, en col\u00b7laboraci\u00f3 amb la Junta Municipal de Districte de Ciutat Vella, tres rutes patrimonials:<\/p>\n<ul style=\"list-style-type: square;\">\n<li>L&#8217;11 de novembre de 2021, <strong>Bal\u00e0nsiya<\/strong>: recuperaci\u00f3 de la mem\u00f2ria i patrimoni d&#8217;\u00e8poca isl\u00e0mica a Val\u00e8ncia.<\/li>\n<li>El 27 de novembre de 2021, <strong>Comer\u00e7os emblem\u00e0tics<\/strong>: una posada en valor de diferents comer\u00e7os emblem\u00e0tics de Ciutat Vella amb activitats comercials tradicionals.&nbsp;<\/li>\n<li>El 4 de desembre de 2021, <strong>La Llotja: 25 anys Patrimoni UNESCO<\/strong>. Aniversari de la inclusi\u00f3 en la Llista de Patrimoni Mundial de la UNESCO. <br><span style=\"color: #000080;\"><strong>Cal incripci\u00f3: <a style=\"color: #000080;\" href=\"https:\/\/ja.cat\/llotja\">https:\/\/ja.cat\/llotja&nbsp;<\/a><\/strong><\/span><\/li>\n<\/ul>\n<p>La proposta \u00e9s retrobar als valencians i les valencianes l&#8217;esplendor del propi patrimoni cultural de la ciutat: tant arquitect\u00f2nic, hist\u00f2ric i comercial.<\/p>\n<p>Es fan visites al llarg de dos mesos per diferents indrets, racons, atzucacs i activitats artesanals que caracteritzen Ciutat Vella. El ve\u00efnat podr\u00e0 con\u00e9ixer els \u00faltims artesans en actiu en Ciutat Vella i tamb\u00e9 alguns locals amb valor patrimonial que estan inscrits en el cat\u00e0leg de Patrimoni Hist\u00f2ric de l&#8217;Ajuntament de Val\u00e8ncia.<\/p>\n<p>Pretenem visibilitzar el potencial de la residencialitat en el manteniment i conservaci\u00f3 de restes patrimonials per\u00f2 tamb\u00e9 la conservaci\u00f3 de comer\u00e7os que perduren al llarg de les d\u00e8cades i que ajuden al sosteniment de l&#8217;economia de barri.<\/p>\n<p>Les visites es fan amb totes les mesures de seguretat i higiene que marca actualment la normativa sanit\u00e0ria.<\/p>\n<p>Les passetjades es faran principalment per l&#8217;espai p\u00fablic, seguint el protocol sanitari.<\/p>\n<p>En alguna de les visites, com a part de l&#8217;activitat, es podr\u00e0 fer una visita a l&#8217;interior de monuments, establiments o comer\u00e7os concrets.<\/p>\n","protected":false},"excerpt":{"rendered":"<p>Amics del Carme organitza, en col\u00b7laboraci\u00f3 amb la Junta Municipal de Districte de Ciutat Vella, tres rutes patrimonials: L&#8217;11 de novembre de 2021, Bal\u00e0nsiya: recuperaci\u00f3 de la mem\u00f2ria i patrimoni d&#8217;\u00e8poca isl\u00e0mica a Val\u00e8ncia. El 27 de novembre de 2021, Comer\u00e7os emblem\u00e0tics: una posada en valor de diferents comer\u00e7os emblem\u00e0tics [&#8230;]<\/p>\n","protected":false},"author":1,"featured_media":5761,"comment_status":"open","ping_status":"open","sticky":false,"template":"","format":"standard","meta":{"_acf_changed":false,"footnotes":""},"categories":[91,43],"tags":[],"class_list":["post-5760","post","type-post","status-publish","format-standard","has-post-thumbnail","hentry","category-cultura-patrimoni","category-espai-public"],"acf":[],"_links":{"self":[{"href":"https:\/\/amicsdelcarme.com\/es\/wp-json\/wp\/v2\/posts\/5760","targetHints":{"allow":["GET"]}}],"collection":[{"href":"https:\/\/amicsdelcarme.com\/es\/wp-json\/wp\/v2\/posts"}],"about":[{"href":"https:\/\/amicsdelcarme.com\/es\/wp-json\/wp\/v2\/types\/post"}],"author":[{"embeddable":true,"href":"https:\/\/amicsdelcarme.com\/es\/wp-json\/wp\/v2\/users\/1"}],"replies":[{"embeddable":true,"href":"https:\/\/amicsdelcarme.com\/es\/wp-json\/wp\/v2\/comments?post=5760"}],"version-history":[{"count":4,"href":"https:\/\/amicsdelcarme.com\/es\/wp-json\/wp\/v2\/posts\/5760\/revisions"}],"predecessor-version":[{"id":5810,"href":"https:\/\/amicsdelcarme.com\/es\/wp-json\/wp\/v2\/posts\/5760\/revisions\/5810"}],"wp:featuredmedia":[{"embeddable":true,"href":"https:\/\/amicsdelcarme.com\/es\/wp-json\/wp\/v2\/media\/5761"}],"wp:attachment":[{"href":"https:\/\/amicsdelcarme.com\/es\/wp-json\/wp\/v2\/media?parent=5760"}],"wp:term":[{"taxonomy":"category","embeddable":true,"href":"https:\/\/amicsdelcarme.com\/es\/wp-json\/wp\/v2\/categories?post=5760"},{"taxonomy":"post_tag","embeddable":true,"href":"https:\/\/amicsdelcarme.com\/es\/wp-json\/wp\/v2\/tags?post=5760"}],"curies":[{"name":"wp","href":"https:\/\/api.w.org\/{rel}","templated":true}]}}