{"id":5746,"date":"2021-11-15T11:34:10","date_gmt":"2021-11-15T10:34:10","guid":{"rendered":"https:\/\/amicsdelcarme.com\/?p=5746"},"modified":"2021-11-16T19:22:29","modified_gmt":"2021-11-16T18:22:29","slug":"el-moviment-veinal-demana-la-retirada-de-lesborrany-de-lordenanca-dhabitatges-turistics-ocasionals-hto","status":"publish","type":"post","link":"https:\/\/amicsdelcarme.com\/es\/el-moviment-veinal-demana-la-retirada-de-lesborrany-de-lordenanca-dhabitatges-turistics-ocasionals-hto\/","title":{"rendered":"El moviment ve\u00efnal demana la retirada de l\u2019esborrany de l\u2019Ordenan\u00e7a d\u2019Habitatges Tur\u00edstics Ocasionals (HTO)"},"content":{"rendered":"\n<p><br>El regidor de l\u2019\u00c0rea de Turisme de l\u2019ajuntament de Val\u00e8ncia va convocar divendres 12 de novembre la comissi\u00f3 d\u2019apartaments tur\u00edstics del Consell Municipal de Turisme.<\/p>\n<p>Van presentar (de nou, i ja van per sis vegades que el presenten) l\u2019esborrany de l\u2019Ordenan\u00e7a d\u2019Habitatges Tur\u00edstics Ocasionals (HTO), un nou tipus d\u2019allotjament tur\u00edstic al marge de la llei auton\u00f2mica.<\/p>\n<p>En la reuni\u00f3 va quedar evidenciada la incapacitat de l\u2019Ajuntament de Val\u00e8ncia de controlar i fiscalitzar aquells pisos tur\u00edstic que actuen fora de la legalitat. Ni tan sols s\u00f3n capa\u00e7os de saber quina \u00e9s la quantitat real d\u2019oferta reglada i irregular, tot i la gran despesa que suposa la compra de big data a empreses privades sobre l\u2019activitat d\u2019allotjaments tur\u00edstics.<\/p>\n<p>Tenint en compte que hi ha una normativa auton\u00f2mica que cal fer complir, tant el regidor Emiliano Garc\u00eda com Julio Olmos, coordinador de l\u2019\u00e0rea de Desenvolupament Econ\u00f2mic, van quedar en evid\u00e8ncia quan digueren en la reuni\u00f3 que s\u00f3n molt dif\u00edcils i costosos el control, el sancionament i el cessament d\u2019activitats il\u00b7legals per a l\u2019ajuntament de Val\u00e8ncia, perqu\u00e8 cal coordinar diverses \u00e0rees de l\u2019Ajuntament (!).<\/p>\n<p>Alguns en la reuni\u00f3 van al\u00e7ar les celles i van obrir els ulls quan es van quedar retratats.<\/p>\n<p>Per qu\u00e8, aleshores, volen que tots els pisos de Val\u00e8ncia puguen ser pisos tur\u00edstics ocasionals si ells mateixos admeten que no s\u00f3n capa\u00e7os de controlar all\u00f2 que ja hi ha?<\/p>\n<p>I all\u00f2 que ja hi ha \u00e9s fins un 80% de l\u2019oferta d\u2019apartaments tur\u00edstics il\u00b7legals.<\/p>\n<p><strong>L\u2019ajuntament de Val\u00e8ncia es nega una i una altra vegada a fer complir la llei auton\u00f2mica que obliga a l\u2019obtenci\u00f3 del certificat de compatibilitat urban\u00edstica per a exercir l\u2019activitat d\u2019apartament tur\u00edstics.<\/strong><\/p>\n<p>Cal exigir-ho de nou, perqu\u00e8 en un informe de l\u2019empresa Castro Consulting de 2019 s\u2019indica que hi ha quasi 9500 apartaments tur\u00edstics ofertats, mentre que l\u2019ajuntament de Val\u00e8ncia diu que no arriben a mil els apartaments amb el certificat de compatibilitat urban\u00edstica positiu.<\/p>\n<p><strong>El turisme afecta al dret a l\u2019habitatge, primer amb els hotels i despr\u00e9s amb els pisos tur\u00edstics. El model tur\u00edstic actual \u00e9s salvatge, i creiem que cal un debat amb la participaci\u00f3 d\u2019agents socials i no solament de les empreses interessades en la transformaci\u00f3 del Centre Hist\u00f2ric en un parc tem\u00e0tic.<\/strong><\/p>\n<p>\u00c9s completament irresponsable d\u2019un ajuntament que diu que es preocupa pel benestar de les persones, que transforme en apartaments tur\u00edstics TOTS els habitatges de la ciutat, per crear m\u00e9s descontrol urban\u00edstic, m\u00e9s desigualtat social, per promoure l\u2019economia submergida i terciaritzar m\u00e9s encara els barris tur\u00edsticament saturats.<\/p>\n","protected":false},"excerpt":{"rendered":"<p>I all\u00f2 que ja hi ha \u00e9s fins un 80% de l\u2019oferta d\u2019apartaments tur\u00edstics il\u00b7legals.<br \/>\nL\u2019ajuntament de Val\u00e8ncia es nega una i una altra vegada a fer complir la llei auton\u00f2mica que obliga a l\u2019obtenci\u00f3 del certificat de compatibilitat urban\u00edstica per a exercir l\u2019activitat d\u2019apartament tur\u00edstics.<\/p>\n","protected":false},"author":1,"featured_media":5747,"comment_status":"open","ping_status":"open","sticky":false,"template":"","format":"standard","meta":{"_acf_changed":false,"footnotes":""},"categories":[39,38],"tags":[],"class_list":["post-5746","post","type-post","status-publish","format-standard","has-post-thumbnail","hentry","category-actualitat","category-urbanisme"],"acf":[],"_links":{"self":[{"href":"https:\/\/amicsdelcarme.com\/es\/wp-json\/wp\/v2\/posts\/5746","targetHints":{"allow":["GET"]}}],"collection":[{"href":"https:\/\/amicsdelcarme.com\/es\/wp-json\/wp\/v2\/posts"}],"about":[{"href":"https:\/\/amicsdelcarme.com\/es\/wp-json\/wp\/v2\/types\/post"}],"author":[{"embeddable":true,"href":"https:\/\/amicsdelcarme.com\/es\/wp-json\/wp\/v2\/users\/1"}],"replies":[{"embeddable":true,"href":"https:\/\/amicsdelcarme.com\/es\/wp-json\/wp\/v2\/comments?post=5746"}],"version-history":[{"count":5,"href":"https:\/\/amicsdelcarme.com\/es\/wp-json\/wp\/v2\/posts\/5746\/revisions"}],"predecessor-version":[{"id":5764,"href":"https:\/\/amicsdelcarme.com\/es\/wp-json\/wp\/v2\/posts\/5746\/revisions\/5764"}],"wp:featuredmedia":[{"embeddable":true,"href":"https:\/\/amicsdelcarme.com\/es\/wp-json\/wp\/v2\/media\/5747"}],"wp:attachment":[{"href":"https:\/\/amicsdelcarme.com\/es\/wp-json\/wp\/v2\/media?parent=5746"}],"wp:term":[{"taxonomy":"category","embeddable":true,"href":"https:\/\/amicsdelcarme.com\/es\/wp-json\/wp\/v2\/categories?post=5746"},{"taxonomy":"post_tag","embeddable":true,"href":"https:\/\/amicsdelcarme.com\/es\/wp-json\/wp\/v2\/tags?post=5746"}],"curies":[{"name":"wp","href":"https:\/\/api.w.org\/{rel}","templated":true}]}}