{"id":5735,"date":"2021-11-04T00:44:24","date_gmt":"2021-11-03T23:44:24","guid":{"rendered":"https:\/\/amicsdelcarme.com\/?p=5735"},"modified":"2021-11-04T01:00:10","modified_gmt":"2021-11-04T00:00:10","slug":"el-nou-sistema-de-recollida-del-residus-a-ciutat-vella-en-ple-funcionament","status":"publish","type":"post","link":"https:\/\/amicsdelcarme.com\/es\/el-nou-sistema-de-recollida-del-residus-a-ciutat-vella-en-ple-funcionament\/","title":{"rendered":"El nou sistema de recollida del residus a Ciutat Vella en ple funcionament"},"content":{"rendered":"\n<p><br>Dos mesos despr\u00e9s de la seua posada en marxa, podem dir que el programa pilot del nou sistema de recollida del residus a Ciutat Vella Nord est\u00e0 en ple funcionament.<\/p>\n<p>El nou sistema de recollida de residus, basat en plataforma de contenidors m\u00f2bils de 19h a 23h, era l\u2019esperan\u00e7a per a tindre un paisatge urb\u00e0 m\u00e9s n\u00e9t, un barri m\u00e9s salubre i tamb\u00e9 places i carrers amb menys sorolls. I este \u00e9s el motiu pel qual, des de l\u2019Associaci\u00f3 Amics del Carme, sempre ens hem posicionat a favor d\u2019aquest sistema.<\/p>\n<p>Tanmateix, a mesura que passen els dies, les nostres esperances van convertint-se en desesperaci\u00f3. El motiu? L\u2019incompliment sistem\u00e0tic de les normes per part dels hostalers.<\/p>\n<p>Cal recordar que les plataformes m\u00f2bils s\u00f3n d\u2019\u00fas exclusiu per al ve\u00efnat, tenint els hostalers l\u2019obligaci\u00f3 d\u2019autogestionar-se amb contenidors propis els seus residus i encarregant-se l\u2019Ajuntament de recollir els mateixos mitjan\u00e7ant el sistema de porta a porta. Ens estem trobant, amb la passivitat de sempre per part de l\u2019Ajuntament, que els mateixos que gaudeixen de terrasses abusadores i sorolloses, ara tamb\u00e9 estan dispostos a utilitzar l\u2019espai p\u00fablic, el de totes i tots, les places i carrers de la ciutat, per a guardar els seus contenidors. Tamb\u00e9, per descomptat, a utilitzar les plataformes m\u00f2bils quan els vinga de gust.<\/p>\n<p>Com a conseq\u00fc\u00e8ncia, tenim els carrers plens de contenidors i de fem, que haurien d\u2019estar custodiats a l\u2019interior de bars i restaurants. I com no, tot el soroll que calga a l\u2019hora de dipositar vidres en les plataformes del ve\u00efnat, o bosses de fem per fora o damunt les plataforma.<\/p>\n<p>No entem la passivitat de l\u2019Ajuntament davant estes actituds inc\u00edviques que no fan m\u00e9s que perjudicar la implantaci\u00f3 del nou sistema de recollida de residus, perjudicar l\u2019estat dels nostres barris i perjudicar el benestar del ve\u00efnat.<\/p>\n<p>Per a quan accions contundents perqu\u00e8 es respecten les normes? Tant li costa saber a l\u2019Ajuntament qui est\u00e0 incomplint? Amics del Carme ho tenim clar, fins i tot amb material gr\u00e0fic. Per qu\u00e8 no se\u2019ns convida a les reunions de l\u2019Ajuntament amb els hostalers per a implantar este nou sistema i poder exposar el punt de vista dels residents? Estem parlant d\u2019una nova cessi\u00f3 a bars i restaurants eliminant el sistema de porta a porta?<\/p>\n<p>Demanem mesures a l\u2019Ajuntament per a poder recuperar l\u2019esperit d\u2019este nou sistema de recollida: carrer m\u00e9s nets, m\u00e9s salubres i menys sorollosos. Demanem tamb\u00e9 als hostalers que s\u2019impliquen en el benestar del barri que acull els seus bars i restaurants: no pot ser que sobre l\u2019espai p\u00fablic i residents recaiga tot el seu negoci: taules, cadires, contenidors amb les conseq\u00fcents deixalles i sorolls<\/p>\n","protected":false},"excerpt":{"rendered":"<p>Dos mesos despr\u00e9s de la seua posada en marxa, podem dir que el programa pilot del nou sistema de recollida del residus a Ciutat Vella Nord est\u00e0 en ple funcionament. El nou sistema de recollida de residus, basat en plataforma de contenidors m\u00f2bils de 19h a 23h, era l\u2019esperan\u00e7a per [&#8230;]<\/p>\n","protected":false},"author":1,"featured_media":5742,"comment_status":"open","ping_status":"open","sticky":false,"template":"","format":"standard","meta":{"_acf_changed":false,"footnotes":""},"categories":[39,42],"tags":[],"class_list":["post-5735","post","type-post","status-publish","format-standard","has-post-thumbnail","hentry","category-actualitat","category-el-barri"],"acf":[],"_links":{"self":[{"href":"https:\/\/amicsdelcarme.com\/es\/wp-json\/wp\/v2\/posts\/5735","targetHints":{"allow":["GET"]}}],"collection":[{"href":"https:\/\/amicsdelcarme.com\/es\/wp-json\/wp\/v2\/posts"}],"about":[{"href":"https:\/\/amicsdelcarme.com\/es\/wp-json\/wp\/v2\/types\/post"}],"author":[{"embeddable":true,"href":"https:\/\/amicsdelcarme.com\/es\/wp-json\/wp\/v2\/users\/1"}],"replies":[{"embeddable":true,"href":"https:\/\/amicsdelcarme.com\/es\/wp-json\/wp\/v2\/comments?post=5735"}],"version-history":[{"count":3,"href":"https:\/\/amicsdelcarme.com\/es\/wp-json\/wp\/v2\/posts\/5735\/revisions"}],"predecessor-version":[{"id":5744,"href":"https:\/\/amicsdelcarme.com\/es\/wp-json\/wp\/v2\/posts\/5735\/revisions\/5744"}],"wp:featuredmedia":[{"embeddable":true,"href":"https:\/\/amicsdelcarme.com\/es\/wp-json\/wp\/v2\/media\/5742"}],"wp:attachment":[{"href":"https:\/\/amicsdelcarme.com\/es\/wp-json\/wp\/v2\/media?parent=5735"}],"wp:term":[{"taxonomy":"category","embeddable":true,"href":"https:\/\/amicsdelcarme.com\/es\/wp-json\/wp\/v2\/categories?post=5735"},{"taxonomy":"post_tag","embeddable":true,"href":"https:\/\/amicsdelcarme.com\/es\/wp-json\/wp\/v2\/tags?post=5735"}],"curies":[{"name":"wp","href":"https:\/\/api.w.org\/{rel}","templated":true}]}}