{"id":5722,"date":"2021-10-24T18:50:55","date_gmt":"2021-10-24T16:50:55","guid":{"rendered":"https:\/\/amicsdelcarme.com\/?p=5722"},"modified":"2021-10-24T18:53:43","modified_gmt":"2021-10-24T16:53:43","slug":"velluters-se-mueve","status":"publish","type":"post","link":"https:\/\/amicsdelcarme.com\/es\/velluters-se-mueve\/","title":{"rendered":"Velluters se mueve"},"content":{"rendered":"\n<p>Desde \u00abAmics&nbsp; de Velluters\u00bb en colaboraci\u00f3n con el Ayuntamiento de Valencia queremos promover la convivencia, las relaciones entre las\/los vecinas\/os del barrio con una actividad multicultural e intergeneracional que adem\u00e1s promueve h\u00e1bitos de vida saludable entre la poblaci\u00f3n.<\/p>\n<p>Una actividad integradora y divertida a la que te invitamos a participar. As\u00ed que&#8230;\u00a1 lev\u00e1ntate del sof\u00e1 y mu\u00e9vete con nosotros\/as! Podr\u00e1s encontrar clases gratuitas de yoga, taich\u00ed o danza africana y todo al aire libre con un\/una monitor\/a especializado\/a<\/p>\n<p>Inscr\u00edbete en: <\/p>\n<p>\u00bfD\u00d3NDE? En la plaza Triador<\/p>\n<p>\u00bfCU\u00c1NDO?<\/p>\n<p>DANZA AFRICANA: Los viernes 22 de octubre, 19 de noviembre y 10 de diciembre<\/p>\n<p>YOGA: Los s\u00e1bados 30 de octubre, 27 noviembre y 18 de diciembre<\/p>\n<p>TAICH\u00cd: Los domingos 17 de octubre, 14 de noviembre y 19 de diciembre<\/p>\n<p><img loading=\"lazy\" decoding=\"async\" class=\"alignnone size-full wp-image-5725\" src=\"https:\/\/amicsdelcarme.com\/wp-content\/uploads\/2021\/10\/UBICACION.png\" alt=\"\" width=\"620\" height=\"155\" srcset=\"https:\/\/amicsdelcarme.com\/wp-content\/uploads\/2021\/10\/UBICACION.png 620w, https:\/\/amicsdelcarme.com\/wp-content\/uploads\/2021\/10\/UBICACION-300x75.png 300w\" sizes=\"auto, (max-width: 620px) 100vw, 620px\" \/><\/p>\n<p>\u00a1TE ESPERAMOS!<\/p>\n","protected":false},"excerpt":{"rendered":"<p>Desde \u00abAmics&nbsp; de Velluters\u00bb en colaboraci\u00f3n con el Ayuntamiento de Valencia queremos promover la convivencia, las relaciones entre las\/los vecinas\/os del barrio con una actividad multicultural e intergeneracional que adem\u00e1s promueve h\u00e1bitos de vida saludable entre la poblaci\u00f3n. Una actividad integradora y divertida a la que te invitamos a participar. [&#8230;]<\/p>\n","protected":false},"author":1,"featured_media":5723,"comment_status":"open","ping_status":"open","sticky":false,"template":"","format":"standard","meta":{"_acf_changed":false,"footnotes":""},"categories":[39,91,43],"tags":[],"class_list":["post-5722","post","type-post","status-publish","format-standard","has-post-thumbnail","hentry","category-actualitat","category-cultura-patrimoni","category-espai-public"],"acf":[],"_links":{"self":[{"href":"https:\/\/amicsdelcarme.com\/es\/wp-json\/wp\/v2\/posts\/5722","targetHints":{"allow":["GET"]}}],"collection":[{"href":"https:\/\/amicsdelcarme.com\/es\/wp-json\/wp\/v2\/posts"}],"about":[{"href":"https:\/\/amicsdelcarme.com\/es\/wp-json\/wp\/v2\/types\/post"}],"author":[{"embeddable":true,"href":"https:\/\/amicsdelcarme.com\/es\/wp-json\/wp\/v2\/users\/1"}],"replies":[{"embeddable":true,"href":"https:\/\/amicsdelcarme.com\/es\/wp-json\/wp\/v2\/comments?post=5722"}],"version-history":[{"count":3,"href":"https:\/\/amicsdelcarme.com\/es\/wp-json\/wp\/v2\/posts\/5722\/revisions"}],"predecessor-version":[{"id":5733,"href":"https:\/\/amicsdelcarme.com\/es\/wp-json\/wp\/v2\/posts\/5722\/revisions\/5733"}],"wp:featuredmedia":[{"embeddable":true,"href":"https:\/\/amicsdelcarme.com\/es\/wp-json\/wp\/v2\/media\/5723"}],"wp:attachment":[{"href":"https:\/\/amicsdelcarme.com\/es\/wp-json\/wp\/v2\/media?parent=5722"}],"wp:term":[{"taxonomy":"category","embeddable":true,"href":"https:\/\/amicsdelcarme.com\/es\/wp-json\/wp\/v2\/categories?post=5722"},{"taxonomy":"post_tag","embeddable":true,"href":"https:\/\/amicsdelcarme.com\/es\/wp-json\/wp\/v2\/tags?post=5722"}],"curies":[{"name":"wp","href":"https:\/\/api.w.org\/{rel}","templated":true}]}}