{"id":5718,"date":"2021-10-22T11:33:03","date_gmt":"2021-10-22T09:33:03","guid":{"rendered":"https:\/\/amicsdelcarme.com\/?p=5718"},"modified":"2021-10-22T11:50:09","modified_gmt":"2021-10-22T09:50:09","slug":"la-asamblea-de-amics-del-carme-aprueba-por-unanimidad-la-vuelta-a-los-tribunales-de-la-zas-del-carmen","status":"publish","type":"post","link":"https:\/\/amicsdelcarme.com\/es\/la-asamblea-de-amics-del-carme-aprueba-por-unanimidad-la-vuelta-a-los-tribunales-de-la-zas-del-carmen\/","title":{"rendered":"La asamblea de Amics del Carme aprueba por unanimidad la vuelta a los tribunales de la ZAS del Carmen"},"content":{"rendered":"\n<h3><strong>Se nos acab\u00f3 la paciencia con el Ayuntamiento!<\/strong><\/h3>\n<p>Por 56 votos a favor y ninguno en contra, la asamblea de vecinos y socios de Amics del Carme apoy\u00f3 anoche la propuesta de exigir ante los tribunales el cumplimiento de la declaraci\u00f3n del barrio del Carmen como Zona Ac\u00fasticamente Saturada.<\/p>\n<p>El motivo no es otro que el notable aumento de los problemas de ruido, suciedad, vandalismo e inseguridad y el constatar la manifiesta inactividad del ayuntamiento para hacerles frente.<\/p>\n<p>Vecinos y vecinas expresaban ayer su tremendo disgusto al comprobar que con la manida excusa de la falta de recursos el ayuntamiento se desentiende de los problemas del barrio. Una cr\u00f3nica falta de recursos que no le exime de explicar, con datos, lo que est\u00e1 pasando y lo que s\u00ed se est\u00e1 haciendo o dejando de hacer; sin datos ser\u00e1 imposible conciliar los intereses de vecinos, de hosteleros y los de los ciudadanos que libremente quieren pasar el rato en la calle en un banco o en una terraza.<\/p>\n<p>Cerca de 8.500 vecinos del Carmen y de los barrios lim\u00edtrofes sufren diariamente las consecuencias de la ocupaci\u00f3n abusiva de espacio p\u00fablico, de la saturaci\u00f3n de la calles y plazas por las terrazas que no permiten caminar por las aceras y los numerosos problemas de convivencia que generan las decenas de apartamentos tur\u00edsticos ilegales.<\/p>\n<p>Los vecinos y vecinas acordaron continuar con la colocaci\u00f3n de pancartas en los balcones, la colocaci\u00f3n de puntos informativos en los mercados y recoger fondos para financiar la demanda contra el ayuntamiento, en esta ocasi\u00f3n ser\u00eda ya la tercera demanda, tras la ya planteada contra la apertura del local Convent Carmen y la que tambi\u00e9n est\u00e1 en curso contra la forma que se llev\u00f3 a cabo la ampliaci\u00f3n de terrazas en mayo pasado.<\/p>\n<h3><strong>La ZAS no se cumple de forma intencionada: Los vecinos denuncian abandono<\/strong><\/h3>\n<p>En enero de 2019 se aprob\u00f3 de forma definitiva la declaraci\u00f3n del barrio del Carmen como Zona Ac\u00fasticamente Saturada, declaraci\u00f3n que de forma provisional se ven\u00eda aplicando desde 2009 por resoluci\u00f3n judicial.<\/p>\n<p>Un conjunto de medidas dirigidas fundamentalmente a limitar y reducir el impacto de la actividad hostelera en el entorno y a reforzar la vigilancia nocturna con la intenci\u00f3n de recuperar unos est\u00e1ndares b\u00e1sicos de habitabilidad tanto en la calle como en el propio domicilio.<\/p>\n<p>Entre otras medidas en esta declaraci\u00f3n se contempla:<\/p>\n<ul>\n<li>Prohibici\u00f3n de nuevos locales (vigente desde 2009) y prohibici\u00f3n de nuevas terrazas, supervisi\u00f3n y caducidad de licencias e inspecci\u00f3n de la actividad de todos los locales.<\/li>\n<li>Elaboraci\u00f3n de un censo de apartamentos tur\u00edsticos.<\/li>\n<li>Mayor presencia policial en horario nocturno<\/li>\n<li>Comisi\u00f3n de seguimiento<\/li>\n<\/ul>\n<p><strong>A propuesta de la Asociaci\u00f3n de Vecinal Amics del Carme, el pasado 4 de octubre se reuni\u00f3 esta Mesa de seguimiento de la ZAS del Carmen.<\/strong><\/p>\n<p>El motivo, el notable aumento de incidentes graves, de molestias por ruido, de incumplimientos de horarios de cierre y de saturaci\u00f3n de terrazas en v\u00eda p\u00fablica. &nbsp;Incidentes que han ido en creciendo conforme ha ido avanzando la desescalada de las restricciones COVID y agravados por una casi total ausencia de Polic\u00eda Local y por un incumplimiento bastante generalizado de las normas ZAS como pudimos comprobar en esta mesa de seguimiento.<\/p>\n<p>En primer lugar comprobamos que las mediciones sonom\u00e9tricas que se realizan no reflejan la gravedad del ruido ambiente y deber\u00edan colocarse nuevos son\u00f3metros, pues ahora solo hay 5 en funcionamiento e inicialmente fueron 12.<\/p>\n<p>Pero porqu\u00e9 decimos que no se est\u00e1 cumpliendo la ZAS:<\/p>\n<ol>\n<li>No existe o no se ha facilitado el listado o inventario administrativo de los locales afectados por las restricciones. Disponer del listado de las licencias registradas es un documento de trabajo fundamental que se oculta.<br>Las actividades reflejadas en la aprobaci\u00f3n de 2009 no coinciden con las de 2019, ni en n\u00famero ni en tipos de licencia. Y se supone que en todo ese periodo ha estado vigente una moratoria de nuevas licencias.<br>Hemos comprobado la existencia de locales en activo que no figuran en ninguna de esas relaciones o que tienen una actividad diferente a la rese\u00f1ada.<br>S\u00ed se nos ha facilitado un listado de terrazas, lo que nos ha permitido comprobar que al menos un 10 % de las existentes no figuran en esa relaci\u00f3n (o no tienen licencia, o el listado es incompleto) y un porcentaje aun mayor ocupa m\u00e1s espacio del autorizado.<\/li>\n<li>No tenemos constancia de que se haya efectuado ninguna revisi\u00f3n de licencias, ni que se haya aplicado medida cautelar en ning\u00fan caso, sin embargo, s\u00ed hemos denunciado reiteradamente locales que funcionan sin licencia o con una actividad diferente a la concedida sin que se haya adoptado medidas al respecto salvo el de eternizar procedimientos mientras las actividades contin\u00faan.&nbsp;<\/li>\n<li>No tenemos constancia de que el Ayuntamiento haya impulsado de oficio ninguna caducidad de licencia, pero s\u00ed constatamos que caducidades solicitadas por Amics del Carme no se tramitan o bien se eterniza su tr\u00e1mite durante a\u00f1os de forma inexplicable&nbsp;<\/li>\n<li>No se ha efectuado ning\u00fan censo de apartamentos tur\u00edsticos como exige la declaraci\u00f3n, sin embargo, se permiten \u201cla iron\u00eda\u201d de remitir a la comisi\u00f3n un documento con un enlace al registro de la Generalitat. Lo que expresa una indudable voluntad de incumplir la declaraci\u00f3n ZAS&nbsp;<\/li>\n<li>Constatamos casos concretos de incumplimientos de horarios de cierre o de recogida de terrazas, hechos denunciados por vecinos concretos y con actas de polic\u00eda que los confirman, as\u00ed como locales que ocupan el dominio p\u00fablico sin autorizaci\u00f3n administrativa.<br>No nos consta que el Ayuntamiento haya adoptado ninguna medida correctora. <br>Nos informan de procedimientos sancionares en tr\u00e1mite, pero ninguna resoluci\u00f3n en firme. <br>Igualmente es habitual la formaci\u00f3n de grupos de personas en los horarios de cierre que siguen bebiendo en la calle o en la puerta del local sin que exista un mayor control policial, ni que se requiera al local el evitarlo.&nbsp;<\/li>\n<li>Las charangas y m\u00fasicos con y sin equipos sonoros son habituales en el \u00e1mbito de la ZAS, tenemos constancia de denuncias de residentes, pero ninguna de que se haya procedido a sancionar o a identificar a los causantes de estas molestias.&nbsp;<\/li>\n<li>No nos consta que se hayan activado medidas de concienciaci\u00f3n y sensibilizaci\u00f3n social tal y como solicitamos hosteleros y vecinos en reiteradas ocasiones.&nbsp;<\/li>\n<li>No nos consta que se est\u00e9 vigilando el cumplimiento del paso de veh\u00edculos de no residentes en horario nocturno.<\/li>\n<\/ol>\n<p><strong>Por el contrario, si hemos observado actuaciones tendentes a favorecer la ocupaci\u00f3n abusiva del espacio p\u00fablico, arranc\u00e1ndose bancos de piedra para ampliar terrazas, desatenci\u00f3n de las solicitudes de informaci\u00f3n sobre actividades y licencias e inactividad ante denuncias concretas de abusos cometidos por algunos locales (tanto hoteleros como hosteleros)<\/strong><\/p>\n<p>En suma, podemos afirmar que el Ayuntamiento no est\u00e1 cumpliendo, en absoluto, con las medidas aprobadas para limitar el ruido ambiente especialmente en horario nocturno.<\/p>\n","protected":false},"excerpt":{"rendered":"<p>Vecinos y vecinas expresaban ayer su tremendo disgusto al comprobar que con la manida excusa de la falta de recursos el ayuntamiento se desentiende de los problemas del barrio. Una cr\u00f3nica falta de recursos que no le exime de explicar, con datos, lo que est\u00e1 pasando y lo que s\u00ed se est\u00e1 haciendo o dejando de hacer; sin datos ser\u00e1 imposible conciliar los intereses de vecinos, de hosteleros y los de los ciudadanos que libremente quieren pasar el rato en la calle en un banco o en una terraza.<\/p>\n","protected":false},"author":1,"featured_media":5712,"comment_status":"open","ping_status":"open","sticky":false,"template":"","format":"standard","meta":{"_acf_changed":false,"footnotes":""},"categories":[72,76,90],"tags":[],"class_list":["post-5718","post","type-post","status-publish","format-standard","has-post-thumbnail","hentry","category-actualitat-es","category-el-barri-es","category-espacio-publico"],"acf":[],"_links":{"self":[{"href":"https:\/\/amicsdelcarme.com\/es\/wp-json\/wp\/v2\/posts\/5718","targetHints":{"allow":["GET"]}}],"collection":[{"href":"https:\/\/amicsdelcarme.com\/es\/wp-json\/wp\/v2\/posts"}],"about":[{"href":"https:\/\/amicsdelcarme.com\/es\/wp-json\/wp\/v2\/types\/post"}],"author":[{"embeddable":true,"href":"https:\/\/amicsdelcarme.com\/es\/wp-json\/wp\/v2\/users\/1"}],"replies":[{"embeddable":true,"href":"https:\/\/amicsdelcarme.com\/es\/wp-json\/wp\/v2\/comments?post=5718"}],"version-history":[{"count":3,"href":"https:\/\/amicsdelcarme.com\/es\/wp-json\/wp\/v2\/posts\/5718\/revisions"}],"predecessor-version":[{"id":5721,"href":"https:\/\/amicsdelcarme.com\/es\/wp-json\/wp\/v2\/posts\/5718\/revisions\/5721"}],"wp:featuredmedia":[{"embeddable":true,"href":"https:\/\/amicsdelcarme.com\/es\/wp-json\/wp\/v2\/media\/5712"}],"wp:attachment":[{"href":"https:\/\/amicsdelcarme.com\/es\/wp-json\/wp\/v2\/media?parent=5718"}],"wp:term":[{"taxonomy":"category","embeddable":true,"href":"https:\/\/amicsdelcarme.com\/es\/wp-json\/wp\/v2\/categories?post=5718"},{"taxonomy":"post_tag","embeddable":true,"href":"https:\/\/amicsdelcarme.com\/es\/wp-json\/wp\/v2\/tags?post=5718"}],"curies":[{"name":"wp","href":"https:\/\/api.w.org\/{rel}","templated":true}]}}