{"id":5684,"date":"2021-10-13T20:08:11","date_gmt":"2021-10-13T18:08:11","guid":{"rendered":"https:\/\/amicsdelcarme.com\/?p=5684"},"modified":"2021-10-14T00:12:11","modified_gmt":"2021-10-13T22:12:11","slug":"la-asamblea-de-amics-del-carme-decidira-la-vuelta-de-la-zas-del-carmen-a-los-tribunales","status":"publish","type":"post","link":"https:\/\/amicsdelcarme.com\/es\/la-asamblea-de-amics-del-carme-decidira-la-vuelta-de-la-zas-del-carmen-a-los-tribunales\/","title":{"rendered":"La asamblea de Amics del Carme decidir\u00e1 la vuelta de la ZAS del Carmen a los tribunales"},"content":{"rendered":"\n<p><br>A propuesta de la Asociaci\u00f3n Vecinal Amics del Carme, a primeros de octubre, se reuni\u00f3 la Mesa de seguimiento de la ZAS del Carmen.<\/p>\n<p>El motivo, el notable aumento de incidentes graves, de molestias por ruido, de incumplimientos de horarios de cierre y de saturaci\u00f3n de terrazas en v\u00eda p\u00fablica. &nbsp;Incidentes que han ido en creciendo conforme avanzaba la desescalada de las restricciones COVID y agravados por una casi total ausencia de Polic\u00eda Local y por un incumplimiento bastante generalizado de las normas ZAS<\/p>\n<p>El \u00fanico dato positivo de esta reuni\u00f3n ha sido el compromiso adquirido de colocar un nuevo son\u00f3metro en la calle Calatrava, junto a la plaza del Negrito y otro en la plaza del Tossal<\/p>\n<p>En lugar de informes, listados, datos concretos que nos dieran una idea del volumen y trasfondo del problema, solo nos han ofrecido verbalmente una serie de datos bastante imprecisos sobre inspecciones y denuncias. Por no haber, no hab\u00eda ni el acta de la \u00faltima reuni\u00f3n.<\/p>\n<p>Por parte de Amics del Carme y de la Federaci\u00f3n de AAVV nuestro posicionamiento ha sido claro, lo que est\u00e1 ocurriendo es porque no se est\u00e1 cumpliendo ni una sola de las normas ZAS.<\/p>\n<ol>\n<li>Las mediciones sonom\u00e9tricas realizadas no reflejan la gravedad del ruido ambiente y deben colocarse nuevos son\u00f3metros o bien de forma itinerante como tambi\u00e9n se ha hecho en alguna ocasi\u00f3n.<\/li>\n<li>No nos consta que se hayan activado medidas de concienciaci\u00f3n y sensibilizaci\u00f3n social tal y como solicitamos hosteleros y vecinos en la pasada reuni\u00f3n<\/li>\n<li>No tenemos conocimiento de que se haya efectuado ninguna revisi\u00f3n de licencias, ni que se haya aplicado medida cautelar en ning\u00fan caso, sin embargo, s\u00ed hemos denunciado reiteradamente locales que funcionan sin licencia o con una actividad diferente a la concedida sin que se haya adoptado medidas al respecto salvo eternizar procedimientos mientras las actividades contin\u00faan.<\/li>\n<li>No tenemos conocimiento de que el Ayuntamiento haya impulsado de oficio ninguna caducidad de licencia, pero s\u00ed constatamos que caducidades solicitadas no se tramitan o bien se eterniza su tr\u00e1mite de forma inexplicable<\/li>\n<li>Las charangas y m\u00fasicos con y sin equipos sonoros son habituales en el \u00e1mbito de la ZAS, tenemos constancia de denuncias de residentes, pero ninguna de que se haya procedido a sancionar o a identificar a los causantes de estas molestias.<\/li>\n<li>Constatamos casos concretos de incumplimientos de horarios de cierre o de recogida de terrazas, hechos denunciados por vecinos y con actas de polic\u00eda que lo confirman, as\u00ed como locales que ocupan el dominio p\u00fablico sin autorizaci\u00f3n administrativa. No nos consta que el Ayuntamiento haya adoptado ninguna medida correctora. <br>Igualmente es habitual la formaci\u00f3n de grupos de personas en los horarios de cierre que siguen bebiendo en la calle o en la puerta del local sin que exista un mayor control policial.<\/li>\n<li>No nos consta que se est\u00e9 vigilando el cumplimiento del paso de veh\u00edculos de no residentes en horario nocturno.<\/li>\n<\/ol>\n<p>Por el contrario, si hemos observado actuaciones tendentes a favorecer la ocupaci\u00f3n abusiva del espacio p\u00fablico, arranc\u00e1ndose bancos de piedra para ampliar terrazas, desatenci\u00f3n de las solicitudes de informaci\u00f3n sobre actividades y licencias e inactividad ante denuncias concretas de abusos cometidos por algunos locales (tanto hoteleros como hosteleros)<\/p>\n<p>En suma, podemos afirmar que el Ayuntamiento no est\u00e1 cumpliendo, en absoluto, con las medidas aprobadas para limitar el ruido ambiente especialmente en horario nocturno.<\/p>\n<p>Amics del Carme debatir\u00e1 en su pr\u00f3xima asamblea de socios y socias el estado del barrio y la vigencia de la declaraci\u00f3n ZAS.<\/p>\n<p>Las propuestas est\u00e1n sobre la mesa, llevar estos incumplimientos ante los tribunales, exigir responsabilidades y endurecer las medidas actuales.<\/p>\n<p>Mientras tanto, Amics del Carme mantendr\u00e1 su campa\u00f1a de colocaci\u00f3n de pancartas en los balcones y de denuncia p\u00fablica del abandono municipal.<\/p>\n","protected":false},"excerpt":{"rendered":"<p>A propuesta de la Asociaci\u00f3n Vecinal Amics del Carme, a primeros de octubre, se reuni\u00f3 la Mesa de seguimiento de la ZAS del Carmen. El motivo, el notable aumento de incidentes graves, de molestias por ruido, de incumplimientos de horarios de cierre y de saturaci\u00f3n de terrazas en v\u00eda p\u00fablica. [&#8230;]<\/p>\n","protected":false},"author":1,"featured_media":5681,"comment_status":"open","ping_status":"open","sticky":false,"template":"","format":"standard","meta":{"_acf_changed":false,"footnotes":""},"categories":[72,76],"tags":[],"class_list":["post-5684","post","type-post","status-publish","format-standard","has-post-thumbnail","hentry","category-actualitat-es","category-el-barri-es"],"acf":[],"_links":{"self":[{"href":"https:\/\/amicsdelcarme.com\/es\/wp-json\/wp\/v2\/posts\/5684","targetHints":{"allow":["GET"]}}],"collection":[{"href":"https:\/\/amicsdelcarme.com\/es\/wp-json\/wp\/v2\/posts"}],"about":[{"href":"https:\/\/amicsdelcarme.com\/es\/wp-json\/wp\/v2\/types\/post"}],"author":[{"embeddable":true,"href":"https:\/\/amicsdelcarme.com\/es\/wp-json\/wp\/v2\/users\/1"}],"replies":[{"embeddable":true,"href":"https:\/\/amicsdelcarme.com\/es\/wp-json\/wp\/v2\/comments?post=5684"}],"version-history":[{"count":5,"href":"https:\/\/amicsdelcarme.com\/es\/wp-json\/wp\/v2\/posts\/5684\/revisions"}],"predecessor-version":[{"id":5694,"href":"https:\/\/amicsdelcarme.com\/es\/wp-json\/wp\/v2\/posts\/5684\/revisions\/5694"}],"wp:featuredmedia":[{"embeddable":true,"href":"https:\/\/amicsdelcarme.com\/es\/wp-json\/wp\/v2\/media\/5681"}],"wp:attachment":[{"href":"https:\/\/amicsdelcarme.com\/es\/wp-json\/wp\/v2\/media?parent=5684"}],"wp:term":[{"taxonomy":"category","embeddable":true,"href":"https:\/\/amicsdelcarme.com\/es\/wp-json\/wp\/v2\/categories?post=5684"},{"taxonomy":"post_tag","embeddable":true,"href":"https:\/\/amicsdelcarme.com\/es\/wp-json\/wp\/v2\/tags?post=5684"}],"curies":[{"name":"wp","href":"https:\/\/api.w.org\/{rel}","templated":true}]}}