{"id":5649,"date":"2021-09-29T14:23:49","date_gmt":"2021-09-29T12:23:49","guid":{"rendered":"https:\/\/amicsdelcarme.com\/trau-la-pancarta-al-balco-ens-estan-expulsant\/"},"modified":"2021-09-29T16:49:11","modified_gmt":"2021-09-29T14:49:11","slug":"trau-la-pancarta-al-balco-ens-estan-expulsant","status":"publish","type":"post","link":"https:\/\/amicsdelcarme.com\/es\/trau-la-pancarta-al-balco-ens-estan-expulsant\/","title":{"rendered":"Saca la pancarta al balc\u00f3n! Nos est\u00e1n expulsando"},"content":{"rendered":"\n<p><br>La turistificaci\u00f3n es como una termita que sin darte cuenta se va comiendo viviendas y fincas enteras, y no te enteras hasta que te ves en la calle<\/p>\n<p>Esta nueva normalidad que nos traen (ojo, que no viene sola) se est\u00e1 revelando que es m\u00e1s de lo mismo, pero con mayor furia si cabe<\/p>\n<p>Y el Ayuntamiento, as\u00ed, como sin quererlo, hace la pala, ayuda y quita obst\u00e1culos a la turistificaci\u00f3n galopante Ciutat Vella. Igual arranca bancos para ampliar terrazas, que peatonaliza calles con el mismo aparente prop\u00f3sito pues es lo \u00fanico que crece en el barrio: los apartamentos tur\u00edsticos, los hoteles y las terrazas<\/p>\n<p>Y de urbanismo ya ni hablamos. Solares eternos, casas en ruinas y especulaci\u00f3n por un tubo. Un ejemplo, este ayuntamiento vendi\u00f3 sus propiedades (solares) en la calle Exarchs por un mill\u00f3n de euros a un promotor para que tambi\u00e9n haga apartamentos tur\u00edsticos.<\/p>\n<h4><span style=\"color: #800000;\"><img loading=\"lazy\" decoding=\"async\" class=\"alignleft wp-image-5660 \" src=\"https:\/\/amicsdelcarme.com\/wp-content\/uploads\/2021\/09\/Cartell_tu.jpg\" alt=\"\" width=\"275\" height=\"285\" srcset=\"https:\/\/amicsdelcarme.com\/wp-content\/uploads\/2021\/09\/Cartell_tu.jpg 397w, https:\/\/amicsdelcarme.com\/wp-content\/uploads\/2021\/09\/Cartell_tu-290x300.jpg 290w\" sizes=\"auto, (max-width: 275px) 100vw, 275px\" \/><\/span><\/h4>\n<h4><span style=\"color: #800000;\">Vecinas, vecinos \u2026<\/span><\/h4>\n<h4><span style=\"color: #800000;\">Esto no va bien, nada bien. Tenemos que llenar los balcones de pancartas, como banderas al viento, reclamando una Ciutat Vella abierta y saludable. Queremos un barrio donde poder vivir, dormir, relacionarnos, crecer \u2026<\/span><\/h4>\n<h4><span style=\"color: #800000;\">El Ayuntamiento, nuestro querido ayuntamiento, podr\u00eda hacer mucho mas de lo que hace para revertir la degradaci\u00f3n y la violencia que nos rodea.<\/span><\/h4>\n<h4><span style=\"color: #800000;\">Las pancartas son nuestro grito de auxilio!<\/span><\/h4>\n<h4><span style=\"color: #800000;\">Este s\u00e1bado volvemos al mercado de Mossen Sorell a partir de las 12 con m\u00e1s pancartas. Ni un solo balc\u00f3n sin su se\u00f1era.<\/span><\/h4>\n","protected":false},"excerpt":{"rendered":"<p>Esto no va bien, nada bien. Tenemos que llenar los balcones de pancartas, como banderas al viento, reclamando una Ciutat Vella abierta y saludable. Queremos un barrio donde poder vivir, dormir, relacionarnos, crecer \u2026<br \/>\nEl Ayuntamiento, nuestro querido ayuntamiento, podr\u00eda hacer mucho mas de lo que hace para revertir la degradaci\u00f3n y la violencia que nos rodea.<br \/>\nLas pancartas son nuestro grito de auxilio!<\/p>\n","protected":false},"author":1,"featured_media":2954,"comment_status":"open","ping_status":"open","sticky":false,"template":"","format":"standard","meta":{"_acf_changed":false,"footnotes":""},"categories":[72,90],"tags":[],"class_list":["post-5649","post","type-post","status-publish","format-standard","has-post-thumbnail","hentry","category-actualitat-es","category-espacio-publico"],"acf":[],"_links":{"self":[{"href":"https:\/\/amicsdelcarme.com\/es\/wp-json\/wp\/v2\/posts\/5649","targetHints":{"allow":["GET"]}}],"collection":[{"href":"https:\/\/amicsdelcarme.com\/es\/wp-json\/wp\/v2\/posts"}],"about":[{"href":"https:\/\/amicsdelcarme.com\/es\/wp-json\/wp\/v2\/types\/post"}],"author":[{"embeddable":true,"href":"https:\/\/amicsdelcarme.com\/es\/wp-json\/wp\/v2\/users\/1"}],"replies":[{"embeddable":true,"href":"https:\/\/amicsdelcarme.com\/es\/wp-json\/wp\/v2\/comments?post=5649"}],"version-history":[{"count":5,"href":"https:\/\/amicsdelcarme.com\/es\/wp-json\/wp\/v2\/posts\/5649\/revisions"}],"predecessor-version":[{"id":5671,"href":"https:\/\/amicsdelcarme.com\/es\/wp-json\/wp\/v2\/posts\/5649\/revisions\/5671"}],"wp:featuredmedia":[{"embeddable":true,"href":"https:\/\/amicsdelcarme.com\/es\/wp-json\/wp\/v2\/media\/2954"}],"wp:attachment":[{"href":"https:\/\/amicsdelcarme.com\/es\/wp-json\/wp\/v2\/media?parent=5649"}],"wp:term":[{"taxonomy":"category","embeddable":true,"href":"https:\/\/amicsdelcarme.com\/es\/wp-json\/wp\/v2\/categories?post=5649"},{"taxonomy":"post_tag","embeddable":true,"href":"https:\/\/amicsdelcarme.com\/es\/wp-json\/wp\/v2\/tags?post=5649"}],"curies":[{"name":"wp","href":"https:\/\/api.w.org\/{rel}","templated":true}]}}