{"id":5592,"date":"2021-09-07T17:27:33","date_gmt":"2021-09-07T15:27:33","guid":{"rendered":"https:\/\/amicsdelcarme.com\/?p=5592"},"modified":"2021-09-07T17:29:04","modified_gmt":"2021-09-07T15:29:04","slug":"rutes-tecnologiques-a-velluters","status":"publish","type":"post","link":"https:\/\/amicsdelcarme.com\/es\/rutes-tecnologiques-a-velluters\/","title":{"rendered":"Rutes tecnol\u00f2giques a Velluters"},"content":{"rendered":"\n<div class=\"kvgmc6g5 cxmmr5t8 oygrvhab hcukyx3x c1et5uql ii04i59q\">\n<div dir=\"auto\">&nbsp;<\/div>\n<div dir=\"auto\">En el marc de barri de Velluters organitzem 3 rutes tecnol\u00f2giques guiades a \u00abL&#8217;Hort de la Botja\u00bb, \u00abL&#8217;aut\u00f2mat\u00bb de la Seda (teler de Jacquard) i finalment a la sala de \u00abla Il\u00b7lustraci\u00f3\u00bb al MUVIM.<\/div>\n<div dir=\"auto\">&nbsp;<\/div>\n<div dir=\"auto\">A cada ruta independent s&#8217;explica l&#8217;estructura, hist\u00f2ria i conseq\u00fc\u00e8ncies de l&#8217;evoluci\u00f3 tecnol\u00f2gica des de l&#8217;antiguitat a l&#8217;actualitat.<\/div>\n<div dir=\"auto\">&nbsp;<\/div>\n<\/div>\n<div class=\"o9v6fnle cxmmr5t8 oygrvhab hcukyx3x c1et5uql ii04i59q\">\n<div dir=\"auto\">+ INFORMACI\u00d3 I INSCRIPCIONS: <\/div>\n<div dir=\"auto\">&nbsp;<\/div>\n<div dir=\"auto\">Aforament limitat. Abans de l&#8217;inici de cada ruta s&#8217;enviar\u00e0 informaci\u00f3 de contacte i indicacions a l&#8217;electr\u00f2nic facilitat.<\/div>\n<div dir=\"auto\">&nbsp;<\/div>\n<\/div>\n<div class=\"o9v6fnle cxmmr5t8 oygrvhab hcukyx3x c1et5uql ii04i59q\">\n<div dir=\"auto\"><strong><img loading=\"lazy\" decoding=\"async\" class=\"aligncenter wp-image-5586 size-full\" src=\"https:\/\/amicsdelcarme.com\/wp-content\/uploads\/2021\/09\/RTV_Hort.jpg\" alt=\"\" width=\"2126\" height=\"567\" srcset=\"https:\/\/amicsdelcarme.com\/wp-content\/uploads\/2021\/09\/RTV_Hort.jpg 2126w, https:\/\/amicsdelcarme.com\/wp-content\/uploads\/2021\/09\/RTV_Hort-300x80.jpg 300w, https:\/\/amicsdelcarme.com\/wp-content\/uploads\/2021\/09\/RTV_Hort-768x205.jpg 768w, https:\/\/amicsdelcarme.com\/wp-content\/uploads\/2021\/09\/RTV_Hort-1536x410.jpg 1536w, https:\/\/amicsdelcarme.com\/wp-content\/uploads\/2021\/09\/RTV_Hort-2048x546.jpg 2048w, https:\/\/amicsdelcarme.com\/wp-content\/uploads\/2021\/09\/RTV_Hort-734x196.jpg 734w\" sizes=\"auto, (max-width: 2126px) 100vw, 2126px\" \/>Ruta \u00abl&#8217;Hort de la Botja\u00bb<\/strong><\/div>\n<div dir=\"auto\">Una visita guiada per entendre la relaci\u00f3 entre la tecnologia, la terra i l&#8217;agricultura i la seva repercussi\u00f3 en la societat.<\/div>\n<\/div>\n<div class=\"o9v6fnle cxmmr5t8 oygrvhab hcukyx3x c1et5uql ii04i59q\">\n<div dir=\"auto\">\u2022 Divendres 10 de Setembre (grup 1) a les 18:00 h.<\/div>\n<div dir=\"auto\">\u2022 Dissabte 11 de Setembre (grup 2) a les 12:00 h.<\/div>\n<div dir=\"auto\">&nbsp;<\/div>\n<\/div>\n<div class=\"o9v6fnle cxmmr5t8 oygrvhab hcukyx3x c1et5uql ii04i59q\">\n<div dir=\"auto\"><strong><img loading=\"lazy\" decoding=\"async\" class=\"aligncenter wp-image-5590 size-full\" src=\"https:\/\/amicsdelcarme.com\/wp-content\/uploads\/2021\/09\/RTV_Seda.jpg\" alt=\"\" width=\"2126\" height=\"567\" srcset=\"https:\/\/amicsdelcarme.com\/wp-content\/uploads\/2021\/09\/RTV_Seda.jpg 2126w, https:\/\/amicsdelcarme.com\/wp-content\/uploads\/2021\/09\/RTV_Seda-300x80.jpg 300w, https:\/\/amicsdelcarme.com\/wp-content\/uploads\/2021\/09\/RTV_Seda-768x205.jpg 768w, https:\/\/amicsdelcarme.com\/wp-content\/uploads\/2021\/09\/RTV_Seda-1536x410.jpg 1536w, https:\/\/amicsdelcarme.com\/wp-content\/uploads\/2021\/09\/RTV_Seda-2048x546.jpg 2048w\" sizes=\"auto, (max-width: 2126px) 100vw, 2126px\" \/>Ruta \u00abL&#8217;Aut\u00f2mat de la seda\u00bb<\/strong><\/div>\n<div dir=\"auto\">Un passeig guiat per descobrir el Teler de Jacquard, un dels precedents tecnol\u00f2gics de l&#8217;ordinador modern.<\/div>\n<\/div>\n<div class=\"o9v6fnle cxmmr5t8 oygrvhab hcukyx3x c1et5uql ii04i59q\">\n<div dir=\"auto\">\u2022 Divendres 17 de Setembre (grup 1) a les 18:00 h.<\/div>\n<div dir=\"auto\">\u2022 Dissabte 18 de Setembre (grup 2) a les 12:00 h.<\/div>\n<div dir=\"auto\">&nbsp;<\/div>\n<\/div>\n<div class=\"o9v6fnle cxmmr5t8 oygrvhab hcukyx3x c1et5uql ii04i59q\">\n<div dir=\"auto\"><strong><img loading=\"lazy\" decoding=\"async\" class=\"aligncenter wp-image-5588 size-full\" src=\"https:\/\/amicsdelcarme.com\/wp-content\/uploads\/2021\/09\/RTV_Ilust.gif\" alt=\"\" width=\"2126\" height=\"567\">Ruta de \u00abla Il\u00b7lustraci\u00f3\u00bb<\/strong><\/div>\n<div dir=\"auto\">Una visita guiada a l&#8217;\u00e8poca de la il\u00b7lustraci\u00f3 per descobrir la clau de la innovaci\u00f3 tecnol\u00f2gica i la seva influ\u00e8ncia en segles posteriors.<\/div>\n<\/div>\n<div class=\"o9v6fnle cxmmr5t8 oygrvhab hcukyx3x c1et5uql ii04i59q\">\n<div dir=\"auto\">\u2022 Divendres 24 de Setembre (grup1) a les 18:00 h.<\/div>\n<div dir=\"auto\">\u2022 Dissabte 25 de Setembre (grup 2) a les 12:00 h.<\/div>\n<\/div>\n","protected":false},"excerpt":{"rendered":"<p>&nbsp; En el marc de barri de Velluters organitzem 3 rutes tecnol\u00f2giques guiades a \u00abL&#8217;Hort de la Botja\u00bb, \u00abL&#8217;aut\u00f2mat\u00bb de la Seda (teler de Jacquard) i finalment a la sala de \u00abla Il\u00b7lustraci\u00f3\u00bb al MUVIM. &nbsp; A cada ruta independent s&#8217;explica l&#8217;estructura, hist\u00f2ria i conseq\u00fc\u00e8ncies de l&#8217;evoluci\u00f3 tecnol\u00f2gica des de [&#8230;]<\/p>\n","protected":false},"author":1,"featured_media":5600,"comment_status":"open","ping_status":"open","sticky":false,"template":"","format":"standard","meta":{"_acf_changed":false,"footnotes":""},"categories":[39,91],"tags":[],"class_list":["post-5592","post","type-post","status-publish","format-standard","has-post-thumbnail","hentry","category-actualitat","category-cultura-patrimoni"],"acf":[],"_links":{"self":[{"href":"https:\/\/amicsdelcarme.com\/es\/wp-json\/wp\/v2\/posts\/5592","targetHints":{"allow":["GET"]}}],"collection":[{"href":"https:\/\/amicsdelcarme.com\/es\/wp-json\/wp\/v2\/posts"}],"about":[{"href":"https:\/\/amicsdelcarme.com\/es\/wp-json\/wp\/v2\/types\/post"}],"author":[{"embeddable":true,"href":"https:\/\/amicsdelcarme.com\/es\/wp-json\/wp\/v2\/users\/1"}],"replies":[{"embeddable":true,"href":"https:\/\/amicsdelcarme.com\/es\/wp-json\/wp\/v2\/comments?post=5592"}],"version-history":[{"count":5,"href":"https:\/\/amicsdelcarme.com\/es\/wp-json\/wp\/v2\/posts\/5592\/revisions"}],"predecessor-version":[{"id":5602,"href":"https:\/\/amicsdelcarme.com\/es\/wp-json\/wp\/v2\/posts\/5592\/revisions\/5602"}],"wp:featuredmedia":[{"embeddable":true,"href":"https:\/\/amicsdelcarme.com\/es\/wp-json\/wp\/v2\/media\/5600"}],"wp:attachment":[{"href":"https:\/\/amicsdelcarme.com\/es\/wp-json\/wp\/v2\/media?parent=5592"}],"wp:term":[{"taxonomy":"category","embeddable":true,"href":"https:\/\/amicsdelcarme.com\/es\/wp-json\/wp\/v2\/categories?post=5592"},{"taxonomy":"post_tag","embeddable":true,"href":"https:\/\/amicsdelcarme.com\/es\/wp-json\/wp\/v2\/tags?post=5592"}],"curies":[{"name":"wp","href":"https:\/\/api.w.org\/{rel}","templated":true}]}}