{"id":5474,"date":"2021-07-10T18:43:53","date_gmt":"2021-07-10T16:43:53","guid":{"rendered":"https:\/\/amicsdelcarme.com\/?p=5474"},"modified":"2021-07-10T20:09:55","modified_gmt":"2021-07-10T18:09:55","slug":"el-ayuntamiento-elimina-bancos-y-aparcabicis-para-ampliar-terrazas","status":"publish","type":"post","link":"https:\/\/amicsdelcarme.com\/es\/el-ayuntamiento-elimina-bancos-y-aparcabicis-para-ampliar-terrazas\/","title":{"rendered":"El Ayuntamiento elimina bancos y aparcabicis para ampliar terrazas"},"content":{"rendered":"\n<p><br>En la calle Estamanyer\u00eda Vella hay una peque\u00f1a plaza sin nombre. Un recodo siempre ocupado por un exceso de mesas y sillas harto denunciado por Amics del Carme.<\/p>\n<p>Es uno de los puntos saturados de ruido donde el uso y abuso comercial, con beneplacito municipal, ha dado una nueva vuelta de tuerca. El banco de piedra y los aparca bicis han sido eliminados para ampliar el espacio disponible a nuevas terrazas.<\/p>\n<p><img loading=\"lazy\" decoding=\"async\" class=\"aligncenter wp-image-5490 size-full\" src=\"https:\/\/amicsdelcarme.com\/wp-content\/uploads\/2021\/07\/Banco_EV.jpg\" alt=\"\" width=\"1350\" height=\"898\" srcset=\"https:\/\/amicsdelcarme.com\/wp-content\/uploads\/2021\/07\/Banco_EV.jpg 1350w, https:\/\/amicsdelcarme.com\/wp-content\/uploads\/2021\/07\/Banco_EV-300x200.jpg 300w, https:\/\/amicsdelcarme.com\/wp-content\/uploads\/2021\/07\/Banco_EV-768x511.jpg 768w\" sizes=\"auto, (max-width: 1350px) 100vw, 1350px\" \/><\/p>\n\n\n\n<p>Esto, lamentablemente, no es una anecdota, no es un caso aislado, es la norma. El \u00abcompadreo\u00bb entre los que piden y la que da, se ha puesto en evidencia en este caso, una plaza que desde hace a\u00f1os es fuente de conflictos en el barrio.<\/p>\n<p>Las prioridades de este Ayuntamiento est\u00e1n claras, primero el negocio, despu\u00e9s las personas, diga lo diga la Ordenanza de Movilidad, el PEP, la ZAS de Carmen o el sursum corda.&nbsp;<\/p>\n<p>Esto es de una desverg\u00fcenza total. La opini\u00f3n de los vecinos no cuenta para nada, y los estudios y documentos que acreditan la excesiva terciarizaci\u00f3n de Ciutat Vella menos a\u00fan.<\/p>\n<p>Cuando en muchos barrios de la ciudad arrecian las quejas y denuncias por el ruido, la suciedad y la violencia que hay en calles y plazas sobrexplotadas comercialmente (recordemos que en la plaza de Honduras semanalmente los vecinos salen al balc\u00f3n con sus cacerolas para protestar porque no pueden dormir), el area de espacio p\u00fablico sigue dando carta blanca para que cada cual use la calle a su antojo.<\/p>\n<p>Nos preguntamos cual ser\u00e1 el siguiente banco en desaparecer.<\/p>\n<p>Ser\u00e1 este?<img loading=\"lazy\" decoding=\"async\" class=\"alignnone size-large wp-image-5482\" src=\"https:\/\/amicsdelcarme.com\/wp-content\/uploads\/2021\/07\/Sarranosbk-1-750x400.png\" alt=\"\" width=\"750\" height=\"400\"><\/p>\n\n\n\n<p>Los bancos son retirados a petici\u00f3n del servicio de Espacio P\u00fablico y Actividades y se retiran para ampliar nuevas terrazas: Se sustituyen bancos p\u00fablicos por mesas y sillas de pago.<\/p>\n\n\n\n<p>En lugar de reducir, como pedimos los vecinos, el Ayuntamiento mercantiliza, privatiza, mas el barrio&#8230;<\/p>\n\n\n\n<p>Por sus hechos los conocer\u00e9is: El negocio primero, las personas despu\u00e9s &#8230;..<\/p>\n\n\n\n<p>As\u00ed que no nos cuenten milongas: S\u00ed, se retiran bancos, coches, y vecinos como si fueran trastos viejos para colocar turistas y visitantes que se dejen los cuartos en las terrazas del barrio (y contra mas grandes mejor!)<\/p>\n\n\n\n<p>Lo mismito que hac\u00eda el PP lo hace ahora el tandem PSOE\/\/COMPROMIS pero corregido y aumentado.<\/p>\n\n\n","protected":false},"excerpt":{"rendered":"<p>En la calle Estamanyer\u00eda Vella hay una peque\u00f1a plaza sin nombre. Un recodo siempre ocupado por un exceso de mesas y sillas harto denunciado por Amics del Carme. Es uno de los puntos saturados de ruido donde el uso y abuso comercial, con beneplacito municipal, ha dado una nueva vuelta [&#8230;]<\/p>\n","protected":false},"author":1,"featured_media":5477,"comment_status":"open","ping_status":"open","sticky":false,"template":"","format":"standard","meta":{"_acf_changed":false,"footnotes":""},"categories":[39],"tags":[],"class_list":["post-5474","post","type-post","status-publish","format-standard","has-post-thumbnail","hentry","category-actualitat"],"acf":[],"_links":{"self":[{"href":"https:\/\/amicsdelcarme.com\/es\/wp-json\/wp\/v2\/posts\/5474","targetHints":{"allow":["GET"]}}],"collection":[{"href":"https:\/\/amicsdelcarme.com\/es\/wp-json\/wp\/v2\/posts"}],"about":[{"href":"https:\/\/amicsdelcarme.com\/es\/wp-json\/wp\/v2\/types\/post"}],"author":[{"embeddable":true,"href":"https:\/\/amicsdelcarme.com\/es\/wp-json\/wp\/v2\/users\/1"}],"replies":[{"embeddable":true,"href":"https:\/\/amicsdelcarme.com\/es\/wp-json\/wp\/v2\/comments?post=5474"}],"version-history":[{"count":5,"href":"https:\/\/amicsdelcarme.com\/es\/wp-json\/wp\/v2\/posts\/5474\/revisions"}],"predecessor-version":[{"id":5512,"href":"https:\/\/amicsdelcarme.com\/es\/wp-json\/wp\/v2\/posts\/5474\/revisions\/5512"}],"wp:featuredmedia":[{"embeddable":true,"href":"https:\/\/amicsdelcarme.com\/es\/wp-json\/wp\/v2\/media\/5477"}],"wp:attachment":[{"href":"https:\/\/amicsdelcarme.com\/es\/wp-json\/wp\/v2\/media?parent=5474"}],"wp:term":[{"taxonomy":"category","embeddable":true,"href":"https:\/\/amicsdelcarme.com\/es\/wp-json\/wp\/v2\/categories?post=5474"},{"taxonomy":"post_tag","embeddable":true,"href":"https:\/\/amicsdelcarme.com\/es\/wp-json\/wp\/v2\/tags?post=5474"}],"curies":[{"name":"wp","href":"https:\/\/api.w.org\/{rel}","templated":true}]}}