{"id":5460,"date":"2021-06-21T18:45:26","date_gmt":"2021-06-21T16:45:26","guid":{"rendered":"https:\/\/amicsdelcarme.com\/?p=5460"},"modified":"2021-06-27T18:13:25","modified_gmt":"2021-06-27T16:13:25","slug":"hasta-los-solares-se-nos-vienen-abajo-en-ciutat-vella","status":"publish","type":"post","link":"https:\/\/amicsdelcarme.com\/es\/hasta-los-solares-se-nos-vienen-abajo-en-ciutat-vella\/","title":{"rendered":"Hasta los solares se nos vienen abajo en Ciutat Vella"},"content":{"rendered":"\n<p><br>No es el primero, lamentablemente tampoco ser\u00e1 el \u00faltimo. Las paredes de este viejo solar de la calle Alta se han venido abajo por la presi\u00f3n de los \u00e1rboles que crecen en su interior. Ailantos que a lo largo de los a\u00f1os han tomado carta de naturaleza hasta convertir el interior del solar en un frondoso bosque que, a buen seguro, har\u00eda las delicias de cualquier crio.<br><br>Hasta los solares se vienen abajo, no solo las casas en ruinas son las que se hunden en Ciutat Vella, es el barrio entero. Los a\u00f1os y a\u00f1os de abandono pasan factura. Pero qu\u00e9 hace el Ayuntamiento? Esa es la pregunta que nos hacemos vecinas y vecinos.<br><br>Por lo que sabemos bien poco, y eso que siete a\u00f1os de gobierno de la tan esperada izquierda se supone que deber\u00edan dar para mucho. Pues no.<br><br>Mientras Sandra Gomez da conferencias entusiasmada con las supermanzanas y la ciudad de los 15 minutos, mientras Giuseppe Grezzi predica las bondades de una movilidad sin coches, los solares se hunden, las viviendas no se construyen y las terrazas abusan ampliamente del espacio arrebatado a los coches.<br><br>Silenciosamente Ciutat Vella, como este solar, se hunde. Los vecinos son expulsados de sus casas cuando no por descarados desahucios, por el ruido, la suciedad o la violencia.<br><br>Ciutat Vella se desangra, recientemente nos hemos enterado de que el estudio de arquitectura&nbsp;<strong>Vetges Tu,<\/strong>&nbsp;arraigado en Ciutat Vella pr\u00e1cticamente desde su fundaci\u00f3n tambi\u00e9n ha sido desahuciado, como&nbsp;<strong>Le Monde Diplomatique<\/strong>&nbsp;o&nbsp;<strong>Casa Americana<\/strong>. Vecinos, comerciantes, profesionales, todos somos lenta silenciosa e inexorablemente sustituidos por apartamentos tur\u00edsticos y hoteles, por gente que estar\u00e1 permanentemente de paso, que no har\u00e1 barrio y que solo dar\u00e1 de comer a los cuatro listos de siempre y arruinar\u00e1n al resto.<br><br>Esto es lo que est\u00e1 sembrando este Ayuntamiento, mientras nos cantan milongas sobre proyectos fantasmales.<\/p>\n","protected":false},"excerpt":{"rendered":"<p>No es el primero, lamentablemente tampoco ser\u00e1 el \u00faltimo. Las paredes de este viejo solar de la calle Alta se han venido abajo por la presi\u00f3n de los \u00e1rboles que crecen en su interior. Ailantos que a lo largo de los a\u00f1os han tomado carta de naturaleza hasta convertir el [&#8230;]<\/p>\n","protected":false},"author":1,"featured_media":5446,"comment_status":"open","ping_status":"open","sticky":false,"template":"","format":"standard","meta":{"_acf_changed":false,"footnotes":""},"categories":[72,90,1],"tags":[],"class_list":["post-5460","post","type-post","status-publish","format-standard","has-post-thumbnail","hentry","category-actualitat-es","category-espacio-publico","category-urbanismo"],"acf":[],"_links":{"self":[{"href":"https:\/\/amicsdelcarme.com\/es\/wp-json\/wp\/v2\/posts\/5460","targetHints":{"allow":["GET"]}}],"collection":[{"href":"https:\/\/amicsdelcarme.com\/es\/wp-json\/wp\/v2\/posts"}],"about":[{"href":"https:\/\/amicsdelcarme.com\/es\/wp-json\/wp\/v2\/types\/post"}],"author":[{"embeddable":true,"href":"https:\/\/amicsdelcarme.com\/es\/wp-json\/wp\/v2\/users\/1"}],"replies":[{"embeddable":true,"href":"https:\/\/amicsdelcarme.com\/es\/wp-json\/wp\/v2\/comments?post=5460"}],"version-history":[{"count":2,"href":"https:\/\/amicsdelcarme.com\/es\/wp-json\/wp\/v2\/posts\/5460\/revisions"}],"predecessor-version":[{"id":5468,"href":"https:\/\/amicsdelcarme.com\/es\/wp-json\/wp\/v2\/posts\/5460\/revisions\/5468"}],"wp:featuredmedia":[{"embeddable":true,"href":"https:\/\/amicsdelcarme.com\/es\/wp-json\/wp\/v2\/media\/5446"}],"wp:attachment":[{"href":"https:\/\/amicsdelcarme.com\/es\/wp-json\/wp\/v2\/media?parent=5460"}],"wp:term":[{"taxonomy":"category","embeddable":true,"href":"https:\/\/amicsdelcarme.com\/es\/wp-json\/wp\/v2\/categories?post=5460"},{"taxonomy":"post_tag","embeddable":true,"href":"https:\/\/amicsdelcarme.com\/es\/wp-json\/wp\/v2\/tags?post=5460"}],"curies":[{"name":"wp","href":"https:\/\/api.w.org\/{rel}","templated":true}]}}