{"id":5430,"date":"2021-06-19T19:40:13","date_gmt":"2021-06-19T17:40:13","guid":{"rendered":"https:\/\/amicsdelcarme.com\/?p=5430"},"modified":"2021-06-20T00:01:06","modified_gmt":"2021-06-19T22:01:06","slug":"amics-del-carme-pide-mas-presencia-policial-y-postas-sanitarias-durante-la-noche-en-ciutat-vella","status":"publish","type":"post","link":"https:\/\/amicsdelcarme.com\/es\/amics-del-carme-pide-mas-presencia-policial-y-postas-sanitarias-durante-la-noche-en-ciutat-vella\/","title":{"rendered":"Amics del Carme pide mas presencia policial y postas sanitarias durante la noche en Ciutat Vella"},"content":{"rendered":"\n<p>Al previsible aumento de las molestias por ruido y suciedad, que al menos vecinos y hosteleros d\u00e1bamos por hecho que habr\u00eda en Ciutat Vella, tenemos que a\u00f1adir el de la inseguridad ciudadana. De nuevo volvemos a o\u00edr hablar de la zona del Tossal y sus alrededores como <strong>zona de guerra<\/strong> por el n\u00famero de incidentes que se producen cada semana. Y no es el \u00fanico punto negro de nuestros barrios.<\/p>\n<p><strong>Amics del Carme ha solicitado la convocatoria de la Mesa de Trabajo de la ZAS del Carme para conocer las medidas de seguridad y previsiones tanto de Polic\u00eda Local como del Servicio de Actividades.<\/strong><\/p>\n<p>Tambi\u00e9n se ha solicitado debatir en dicha comisi\u00f3n las siguientes propuestas:<\/p>\n<ul>\n<li><strong>Aumento de la vigilancia policial.<\/strong><\/li>\n<li><strong> Colocaci\u00f3n de tres puntos de primeros auxilios para atender heridos, crisis et\u00edlicas y de ansiedad.<\/strong><\/li>\n<li>Aumento del n\u00famero de son\u00f3metros colocados en el barrio para obtener datos m\u00e1s fiables de las fuentes de emisi\u00f3n del ruido.<\/li>\n<li>Campa\u00f1as de informaci\u00f3n y sensibilizaci\u00f3n social sobre la contaminaci\u00f3n ac\u00fastica.<\/li>\n<\/ul>\n<p>&nbsp;<\/p>\n<p>La <strong>solicitud urgente<\/strong> de esta mesa viene motivada por los numerosos incidentes de los cuales estamos siendo testigos (y casi tambi\u00e9n v\u00edctimas) los vecinos y las vecinas de los barrios comprendidos en el \u00e1mbito ZAS, zona ac\u00fasticamente saturada del Carmen: peleas, botellones, incumplimientos horarios, problemas de movilidad, molestias de madrugada, suciedad y, ahora tambi\u00e9n, heridos por ri\u00f1as y peleas.<\/p>\n<p>Estamos convencidos de que estos hechos ocurren porque no se aplican las medidas preventivas previstas en la propia declaraci\u00f3n de ZAS, y en concreto una mayor presencia policial, control de horarios y licencias, campa\u00f1as de sensibilizaci\u00f3n social y limitaciones al tr\u00e1fico de veh\u00edculos.<\/p>\n","protected":false},"excerpt":{"rendered":"<p>Amics del Carme hemos solicitado la convocatoria de la Mesa de Trabajo de la ZAS del Carme para conocer las medidas de seguridad y previsiones tanto de polic\u00eda como de actividades.<\/p>\n","protected":false},"author":1,"featured_media":5440,"comment_status":"open","ping_status":"open","sticky":false,"template":"","format":"standard","meta":{"_acf_changed":false,"footnotes":""},"categories":[72,90],"tags":[],"class_list":["post-5430","post","type-post","status-publish","format-standard","has-post-thumbnail","hentry","category-actualitat-es","category-espacio-publico"],"acf":[],"_links":{"self":[{"href":"https:\/\/amicsdelcarme.com\/es\/wp-json\/wp\/v2\/posts\/5430","targetHints":{"allow":["GET"]}}],"collection":[{"href":"https:\/\/amicsdelcarme.com\/es\/wp-json\/wp\/v2\/posts"}],"about":[{"href":"https:\/\/amicsdelcarme.com\/es\/wp-json\/wp\/v2\/types\/post"}],"author":[{"embeddable":true,"href":"https:\/\/amicsdelcarme.com\/es\/wp-json\/wp\/v2\/users\/1"}],"replies":[{"embeddable":true,"href":"https:\/\/amicsdelcarme.com\/es\/wp-json\/wp\/v2\/comments?post=5430"}],"version-history":[{"count":3,"href":"https:\/\/amicsdelcarme.com\/es\/wp-json\/wp\/v2\/posts\/5430\/revisions"}],"predecessor-version":[{"id":5439,"href":"https:\/\/amicsdelcarme.com\/es\/wp-json\/wp\/v2\/posts\/5430\/revisions\/5439"}],"wp:featuredmedia":[{"embeddable":true,"href":"https:\/\/amicsdelcarme.com\/es\/wp-json\/wp\/v2\/media\/5440"}],"wp:attachment":[{"href":"https:\/\/amicsdelcarme.com\/es\/wp-json\/wp\/v2\/media?parent=5430"}],"wp:term":[{"taxonomy":"category","embeddable":true,"href":"https:\/\/amicsdelcarme.com\/es\/wp-json\/wp\/v2\/categories?post=5430"},{"taxonomy":"post_tag","embeddable":true,"href":"https:\/\/amicsdelcarme.com\/es\/wp-json\/wp\/v2\/tags?post=5430"}],"curies":[{"name":"wp","href":"https:\/\/api.w.org\/{rel}","templated":true}]}}