{"id":5425,"date":"2021-06-18T20:58:52","date_gmt":"2021-06-18T18:58:52","guid":{"rendered":"https:\/\/amicsdelcarme.com\/?p=5425"},"modified":"2021-06-18T21:22:35","modified_gmt":"2021-06-18T19:22:35","slug":"el-ayuntamiento-implanta-la-recogida-de-residuos-con-plataforma-movil-en-ciutat-vella-norte-y-de-recogida-puerta-a-puerta-para-comercios-y-restaurantes","status":"publish","type":"post","link":"https:\/\/amicsdelcarme.com\/es\/el-ayuntamiento-implanta-la-recogida-de-residuos-con-plataforma-movil-en-ciutat-vella-norte-y-de-recogida-puerta-a-puerta-para-comercios-y-restaurantes\/","title":{"rendered":"El Ayuntamiento implanta la recogida de residuos con plataforma m\u00f3vil en Ciutat Vella norte y de recogida puerta a puerta para comercios y restaurantes"},"content":{"rendered":"\n<p>Se trata de sustituir los contenedores actuales por plataformas m\u00f3viles de contenedores en la zona norte de los barrios del Carmen, la Seu y Xerea. Estas plataformas van a ser colocadas cada d\u00eda desde las 19:00 a las 23:00. De esta manera estas zonas quedar\u00edan libres de este mobiliario durante la mayor parte del d\u00eda, mejorando la est\u00e9tica e higiene de las calles.<\/p>\n<p>Las 15 plataformas m\u00f3viles estar\u00e1n disponibles todos los d\u00edas en la calle N\u00e1quera, plaza de los Ciegos, calle Samaniego 5 y 22, plaza de Nules-Conde de Almod\u00f3var, plaza de los Crespins, calle de los Trinitarios, plaza de San Esteban , calle de la Concordia, calle de la Madre Vieja, plaza del \u00c1ngel, calle del Valle de Cristo-los Serranos, plaza de la Santa Cruz, plaza del \u00c1rbol-Santo Tom\u00e1s y calle del Padre de hu\u00e9rfanos-Dami\u00e0 Forment.<\/p>\n<p>La zona de actuaci\u00f3n es peque\u00f1a. Ser\u00e1n 15 plataformas que esperamos cubran bien las necesidades que tiene el barrio de este servicio. Aparte habr\u00e1 un servicio especial de recogida de residuos para comercios, bares, restaurantes, instituciones, etc., que generan cantidades importantes de residuos. Hay que tener presente tambi\u00e9n que el servicio actual de contenedores en la ronda de tr\u00e1nsitos se mantiene (Blanquer\u00edas, Conde de Tr\u00e9nor, Pintor L\u00f3pez, etc).<\/p>\n<p>La opci\u00f3n que se plantea tiene sus riesgos de aceptaci\u00f3n pero por la reducida extensi\u00f3n que cubre puede ser una experiencia piloto muy \u00fatil. El cambio a un horario limitado de los contenedores puede plantear molestias importantes en algunos casos (personas mayores o enfermas atendidas por cuidadores durante unas horas en el d\u00eda). Estos deber\u00e1n pedir la colaboraci\u00f3n de un vecino, o que el cuidador se desplace a los contenedores fijos en los l\u00edmites de barrio.<\/p>\n<p>Se trata de un modelo que se aplica en otras ciudades como Palma, y \u200b\u200bque incrementa la separaci\u00f3n de residuos, disminuye la contaminaci\u00f3n ac\u00fastica, facilita la maniobrabilidad de los veh\u00edculos de transporte y mejora el paisaje de esta parte del centro hist\u00f3rico de la ciudad. El vicealcalde y concejal de Ecolog\u00eda Urbana, Sergi Campillo, ha afirmado en la presentaci\u00f3n de la campa\u00f1a que \u00abla experiencia de Palma ha Estado Muy exitosa y ha disparado los Tasas de reciclaje de residuos en un 70%\u00bb.<\/p>\n\n\n\n<div class=\"wp-block-file\"><a href=\"https:\/\/amicsdelcarme.com\/wp-content\/uploads\/2021\/06\/Presentaci\u00f3_CVella_juny_21.pdf\">Presentaci\u00f3_CVella_juny_21<\/a><a href=\"https:\/\/amicsdelcarme.com\/wp-content\/uploads\/2021\/06\/Presentaci\u00f3_CVella_juny_21.pdf\" class=\"wp-block-file__button\" download>Descarga<\/a><\/div>\n\n\n","protected":false},"excerpt":{"rendered":"<p>Se trata de sustituir los contenedores actuales por plataformas m\u00f3viles de contenedores en la zona norte de los barrios del Carmen, la Seu y Xerea. Estas plataformas van a ser colocadas cada d\u00eda desde las 19:00 a las 23:00. De esta manera estas zonas quedar\u00edan libres de este mobiliario durante [&#8230;]<\/p>\n","protected":false},"author":1,"featured_media":5418,"comment_status":"open","ping_status":"open","sticky":false,"template":"","format":"standard","meta":{"_acf_changed":false,"footnotes":""},"categories":[72,76,90],"tags":[],"class_list":["post-5425","post","type-post","status-publish","format-standard","has-post-thumbnail","hentry","category-actualitat-es","category-el-barri-es","category-espacio-publico"],"acf":[],"_links":{"self":[{"href":"https:\/\/amicsdelcarme.com\/es\/wp-json\/wp\/v2\/posts\/5425","targetHints":{"allow":["GET"]}}],"collection":[{"href":"https:\/\/amicsdelcarme.com\/es\/wp-json\/wp\/v2\/posts"}],"about":[{"href":"https:\/\/amicsdelcarme.com\/es\/wp-json\/wp\/v2\/types\/post"}],"author":[{"embeddable":true,"href":"https:\/\/amicsdelcarme.com\/es\/wp-json\/wp\/v2\/users\/1"}],"replies":[{"embeddable":true,"href":"https:\/\/amicsdelcarme.com\/es\/wp-json\/wp\/v2\/comments?post=5425"}],"version-history":[{"count":2,"href":"https:\/\/amicsdelcarme.com\/es\/wp-json\/wp\/v2\/posts\/5425\/revisions"}],"predecessor-version":[{"id":5429,"href":"https:\/\/amicsdelcarme.com\/es\/wp-json\/wp\/v2\/posts\/5425\/revisions\/5429"}],"wp:featuredmedia":[{"embeddable":true,"href":"https:\/\/amicsdelcarme.com\/es\/wp-json\/wp\/v2\/media\/5418"}],"wp:attachment":[{"href":"https:\/\/amicsdelcarme.com\/es\/wp-json\/wp\/v2\/media?parent=5425"}],"wp:term":[{"taxonomy":"category","embeddable":true,"href":"https:\/\/amicsdelcarme.com\/es\/wp-json\/wp\/v2\/categories?post=5425"},{"taxonomy":"post_tag","embeddable":true,"href":"https:\/\/amicsdelcarme.com\/es\/wp-json\/wp\/v2\/tags?post=5425"}],"curies":[{"name":"wp","href":"https:\/\/api.w.org\/{rel}","templated":true}]}}