{"id":5402,"date":"2021-06-07T18:58:10","date_gmt":"2021-06-07T16:58:10","guid":{"rendered":"https:\/\/amicsdelcarme.com\/?p=5402"},"modified":"2021-06-18T10:01:23","modified_gmt":"2021-06-18T08:01:23","slug":"mas-desahucios-en-ciutat-vella","status":"publish","type":"post","link":"https:\/\/amicsdelcarme.com\/es\/mas-desahucios-en-ciutat-vella\/","title":{"rendered":"Mas desahucios en Ciutat Vella"},"content":{"rendered":"\n<h3>9 familias y 2 negocios del Carmen en peligro de expulsi\u00f3n<\/h3>\n<p>El pasado d\u00eda 18 de mayo las familias de todo un edificio frente al mercado de Moss\u00e8n Sorell recibieron en mano una carta a trav\u00e9s de la enviada de un fondo de inversiones que los conminaba a abandonar sus casas en 15 d\u00edas. Si no, llamar\u00edan el cuerpo de bomberos para desalojarlos.<\/p>\n<p>El motivo aducido es que comenzaban las obras de rehabilitaci\u00f3n del edificio para mejorar la eficiencia energ\u00e9tica con nuevos cierres de ventanas y la accesibilidad con la construcci\u00f3n de un ascensor en el hueco de la escalera.<img loading=\"lazy\" decoding=\"async\" class=\"alignnone wp-image-5397 size-full\" src=\"https:\/\/amicsdelcarme.com\/wp-content\/uploads\/2021\/06\/Cita.png\" alt=\"\" width=\"843\" height=\"305\" srcset=\"https:\/\/amicsdelcarme.com\/wp-content\/uploads\/2021\/06\/Cita.png 843w, https:\/\/amicsdelcarme.com\/wp-content\/uploads\/2021\/06\/Cita-300x109.png 300w, https:\/\/amicsdelcarme.com\/wp-content\/uploads\/2021\/06\/Cita-768x278.png 768w\" sizes=\"auto, (max-width: 843px) 100vw, 843px\" \/><\/p>\n<p>Ni las formas eran las adecuadas en un caso de finalizaci\u00f3n de contrato inmobiliario, ni los motivos aducidos eran ciertos. Tom\u00e1s A. M. P., el abogado que enviaba esta carta del fondo inmobiliario resulta que es el mismo que inici\u00f3 el desahucio de 19 familias en dos edificios de la calle del Turia hace s\u00f3lo unos meses. Parece que es un modus operandi que es de manual: el acoso inmobiliario.<\/p>\n<p>En este edificio de la calle de Sogueros, en pleno barrio del Carmen, vive gente con diversas circunstancias: alguien que hace tres a\u00f1os que lleg\u00f3, otros que llevan 15 a\u00f1os viviendo en el mismo piso, otros que entraron con 4 a\u00f1os y ahora ya est\u00e1n jubilados, y otros que son descendientes de quien hace cien a\u00f1os ya viv\u00eda all\u00ed. Cada uno tiene un tipo de contrato de alquiler diferente: los llamados de renta antigua y otros actualizados.<\/p>\n<p>De fondo, hay dos factores important\u00edsimos: uno, que los fondos buitre que realizan estas compras no observan la legalidad vigente y tratan a las personas como n\u00fameros que s\u00f3lo sirven para dar r\u00e9ditos; y dos, que Ciutat Vella se est\u00e1 despoblando y el proceso de gentrificaci\u00f3n galopante que est\u00e1 sufriendo los barrios del centro hist\u00f3rico de Valencia.<\/p>\n<p>La administraci\u00f3n municipal hace o\u00eddos sordos y no ha abierto la boca al respecto.<\/p>\n<p>La administraci\u00f3n auton poco se ha ofrecido para estudiar el caso y hablar con los inquilinos.<\/p>\n","protected":false},"excerpt":{"rendered":"<p>9 familias y 2 negocios del Carmen en peligro de expulsi\u00f3n El pasado d\u00eda 18 de mayo las familias de todo un edificio frente al mercado de Moss\u00e8n Sorell recibieron en mano una carta a trav\u00e9s de la enviada de un fondo de inversiones que los conminaba a abandonar sus [&#8230;]<\/p>\n","protected":false},"author":1,"featured_media":5395,"comment_status":"open","ping_status":"open","sticky":false,"template":"","format":"standard","meta":{"_acf_changed":false,"footnotes":""},"categories":[72,90,1],"tags":[],"class_list":["post-5402","post","type-post","status-publish","format-standard","has-post-thumbnail","hentry","category-actualitat-es","category-espacio-publico","category-urbanismo"],"acf":[],"_links":{"self":[{"href":"https:\/\/amicsdelcarme.com\/es\/wp-json\/wp\/v2\/posts\/5402","targetHints":{"allow":["GET"]}}],"collection":[{"href":"https:\/\/amicsdelcarme.com\/es\/wp-json\/wp\/v2\/posts"}],"about":[{"href":"https:\/\/amicsdelcarme.com\/es\/wp-json\/wp\/v2\/types\/post"}],"author":[{"embeddable":true,"href":"https:\/\/amicsdelcarme.com\/es\/wp-json\/wp\/v2\/users\/1"}],"replies":[{"embeddable":true,"href":"https:\/\/amicsdelcarme.com\/es\/wp-json\/wp\/v2\/comments?post=5402"}],"version-history":[{"count":2,"href":"https:\/\/amicsdelcarme.com\/es\/wp-json\/wp\/v2\/posts\/5402\/revisions"}],"predecessor-version":[{"id":5404,"href":"https:\/\/amicsdelcarme.com\/es\/wp-json\/wp\/v2\/posts\/5402\/revisions\/5404"}],"wp:featuredmedia":[{"embeddable":true,"href":"https:\/\/amicsdelcarme.com\/es\/wp-json\/wp\/v2\/media\/5395"}],"wp:attachment":[{"href":"https:\/\/amicsdelcarme.com\/es\/wp-json\/wp\/v2\/media?parent=5402"}],"wp:term":[{"taxonomy":"category","embeddable":true,"href":"https:\/\/amicsdelcarme.com\/es\/wp-json\/wp\/v2\/categories?post=5402"},{"taxonomy":"post_tag","embeddable":true,"href":"https:\/\/amicsdelcarme.com\/es\/wp-json\/wp\/v2\/tags?post=5402"}],"curies":[{"name":"wp","href":"https:\/\/api.w.org\/{rel}","templated":true}]}}