{"id":5382,"date":"2021-05-31T00:51:30","date_gmt":"2021-05-30T22:51:30","guid":{"rendered":"https:\/\/amicsdelcarme.com\/?p=5382"},"modified":"2021-05-31T00:51:30","modified_gmt":"2021-05-30T22:51:30","slug":"mestalla-port-i-turisme-a-debat-en-el-primer-ple-de-la-federacio-dassociacions-veinals-de-valencia-des-de-linici-de-la-pandemia","status":"publish","type":"post","link":"https:\/\/amicsdelcarme.com\/es\/mestalla-port-i-turisme-a-debat-en-el-primer-ple-de-la-federacio-dassociacions-veinals-de-valencia-des-de-linici-de-la-pandemia\/","title":{"rendered":"Mestalla, Port i Turisme a debat en el primer ple de la Federaci\u00f3 d\u2019Associacions Ve\u00efnals de Val\u00e8ncia des de l\u2019inici de la pand\u00e8mia"},"content":{"rendered":"\n<p>La FAAVV va proposar a totes les associacions ve\u00efnals reflexionar sobre l&#8217;estat de l&#8217;habitatge i de l&#8217;espai p\u00fablic a cada barri i acordar un pla d&#8217;acci\u00f3 en defensa de la ciutat, de el dret a no ser expulsats de les nostres cases, de el dret a ocupar lliurement el carrer.<\/p>\n<p>\u00abHem de donar visibilitat al que passa en els nostres barris i promoure una resposta de ciutat per fer-los front\u00bb.<\/p>\n<p>La FAAVV exigir\u00e0 a l&#8217;Ajuntament que, un cop passe la pand\u00e8mia, les terrasses tornen a les seues dimensions anteriors a la COVID-19. A m\u00e9s, altres propostes que el moviment ve\u00efnal est\u00e0 tractant de fer arribar al consistori s\u00f3n impedir la venda d&#8217;immobles d&#8217;\u00fas residencial per a usos hotelers; un pla d&#8217;acci\u00f3 contra els habitatges d&#8217;\u00fas tur\u00edstic (VUT) il\u00b7legals; un acord de ciutat sobre l&#8217;\u00fas equitatiu de l&#8217;espai p\u00fablic; donar un impuls a l&#8217;Observatori de l&#8217;Oci i del Turisme; i l&#8217;elaboraci\u00f3 del Pla de Recursos Tur\u00edstics de la ciutat (PIAT, art. 27 Llei Turisme).<\/p>\n<p>Des d\u2019Amics del Carme, i en di\u00e0leg amb altres associacions i col\u00b7lectius ve\u00efnals del districte de ciutat vella, es va intervindre per demanar en el plenari empar i cobertura a la Federaci\u00f3 d\u2019Associacions front al proc\u00e9s de despoblaci\u00f3 que est\u00e0 patint el nostre districte a conseq\u00fc\u00e8ncia de l\u2019augment d\u2019hotels i apartaments tur\u00edstics. Aquest efecte negatiu que pateix Ciutat Vella est\u00e0 estenent-se com una taca de <em>chapapote<\/em> a la resta de districtes: Poblats Mar\u00edtims, Extramurs, Russafa, etc., hem de demanar responsabilitat als visitant a trav\u00e9s d\u2019un impost tur\u00edstic, i hem de demanar a l\u2019ajuntament la promoci\u00f3 d\u2019un turisme sostenible de veritat, i no de <em>fotomat\u00f3n<\/em>.<\/p>\n<p>Si no volem tornar al model de creixement exacerbat que ten\u00edem abans de la pand\u00e8mia, cal control i mesura.<\/p>\n<p>Al barri del Mercat volen fer un hotel-resort de 10.000 m<sup>2<\/sup>. Volem que la Federaci\u00f3 ens ajude a que el projecte inicial que era construir 50 habitatges per a 50 fam\u00edlies, es puga realitzar. Creiem que cal reorientar el model tur\u00edstic i no convertir el centre hist\u00f2ric de Val\u00e8ncia en un parc tem\u00e0tic. Un model extractiu no \u00e9s el convenient per a la bona conviv\u00e8ncia i l\u2019estabilitat econ\u00f2mica dels barris.<\/p>\n<p>Els barris es fan amb residents. Els visitants ajuden, per\u00f2 sense residents, Ciutat Vella ser\u00e0 un decorat.<\/p>\n","protected":false},"excerpt":{"rendered":"<p>Des d\u2019Amics del Carme, i en di\u00e0leg amb altres associacions i col\u00b7lectius ve\u00efnals del districte de ciutat vella, es va intervindre per demanar en el plenari empar i cobertura a la Federaci\u00f3 d\u2019Associacions front al proc\u00e9s de despoblaci\u00f3 que est\u00e0 patint el nostre districte a conseq\u00fc\u00e8ncia de l\u2019augment d\u2019hotels i apartaments tur\u00edstics. Aquest efecte negatiu que pateix Ciutat Vella est\u00e0 estenent-se com una taca de chapapote a la resta de districtes<\/p>\n","protected":false},"author":1,"featured_media":5383,"comment_status":"open","ping_status":"open","sticky":false,"template":"","format":"standard","meta":{"_acf_changed":false,"footnotes":""},"categories":[43,38],"tags":[],"class_list":["post-5382","post","type-post","status-publish","format-standard","has-post-thumbnail","hentry","category-espai-public","category-urbanisme"],"acf":[],"_links":{"self":[{"href":"https:\/\/amicsdelcarme.com\/es\/wp-json\/wp\/v2\/posts\/5382","targetHints":{"allow":["GET"]}}],"collection":[{"href":"https:\/\/amicsdelcarme.com\/es\/wp-json\/wp\/v2\/posts"}],"about":[{"href":"https:\/\/amicsdelcarme.com\/es\/wp-json\/wp\/v2\/types\/post"}],"author":[{"embeddable":true,"href":"https:\/\/amicsdelcarme.com\/es\/wp-json\/wp\/v2\/users\/1"}],"replies":[{"embeddable":true,"href":"https:\/\/amicsdelcarme.com\/es\/wp-json\/wp\/v2\/comments?post=5382"}],"version-history":[{"count":1,"href":"https:\/\/amicsdelcarme.com\/es\/wp-json\/wp\/v2\/posts\/5382\/revisions"}],"predecessor-version":[{"id":5385,"href":"https:\/\/amicsdelcarme.com\/es\/wp-json\/wp\/v2\/posts\/5382\/revisions\/5385"}],"wp:featuredmedia":[{"embeddable":true,"href":"https:\/\/amicsdelcarme.com\/es\/wp-json\/wp\/v2\/media\/5383"}],"wp:attachment":[{"href":"https:\/\/amicsdelcarme.com\/es\/wp-json\/wp\/v2\/media?parent=5382"}],"wp:term":[{"taxonomy":"category","embeddable":true,"href":"https:\/\/amicsdelcarme.com\/es\/wp-json\/wp\/v2\/categories?post=5382"},{"taxonomy":"post_tag","embeddable":true,"href":"https:\/\/amicsdelcarme.com\/es\/wp-json\/wp\/v2\/tags?post=5382"}],"curies":[{"name":"wp","href":"https:\/\/api.w.org\/{rel}","templated":true}]}}