{"id":5339,"date":"2021-05-24T10:19:21","date_gmt":"2021-05-24T08:19:21","guid":{"rendered":"https:\/\/amicsdelcarme.com\/?p=5339"},"modified":"2021-05-24T12:20:46","modified_gmt":"2021-05-24T10:20:46","slug":"que-piensa-hacer-urbanismo-con-los-44-000-m2-de-solares-de-ciutat-vella","status":"publish","type":"post","link":"https:\/\/amicsdelcarme.com\/es\/que-piensa-hacer-urbanismo-con-los-44-000-m2-de-solares-de-ciutat-vella\/","title":{"rendered":"\u00bfQu\u00e9 piensa hacer Urbanismo con los 44.000 m2 de solares de Ciutat Vella?"},"content":{"rendered":"\n<h3><span style=\"color: #003366;\">El barrio del Mercat ya cuenta con mas plazas hoteleras que vecinos, y el Carmen lleva el mismo camino.<\/span><\/h3>\n<p>Estamos viendo como el PEP &nbsp;(Pla Especial de Protecci\u00f3n de Ciutat Vella) por s\u00ed solo no frena la din\u00e1mica hotelera, es m\u00e1s, la invisibiliza. Tras la apariencia de proteger el car\u00e1cter residencial, en realidad deja no pocas puertas abiertas a que apartamentos tur\u00edsticos y hoteles sigan siendo lo \u00fanico que crece en Ciutat Vella.<\/p>\n<p>Muchos rincones de los barrios hist\u00f3ricos siguen siendo un erial de ruinas y abandono. De ello dan cuenta mas de un centenar de solares y casas en estado ruinoso y 16 unidades de actuaci\u00f3n urban\u00edstica en un limbo administrativo, en total 44.134 m2 (el equivalente a 4 campos de f\u00fatbol) que bien podr\u00edan dar cobijo a cerca de 1.800 nuevos vecinos.<\/p>\n<p><a href=\"https:\/\/amicsdelcarme.com\/wp-content\/uploads\/2021\/05\/PLAN-SOLAR-eRMSER.pdf\" target=\"_blank\" rel=\"noopener noreferrer\">Amics del Carme hemos elaborado una lista de propuestas para movilizar los solares y que estos no se eternicen, para que haya una pol\u00edtica activa de vivienda asequible en Ciutat Vella. Estos d\u00edas hemos comenzado una ronda informativa entre los concejales del Ayuntamiento para darles a conocer nuestras propuestas, recabar su opini\u00f3n y pedir su apoyo.<\/a><a href=\"https:\/\/amicsdelcarme.com\/wp-content\/uploads\/2021\/05\/PLAN-SOLAR-eRMSER.pdf\"><img loading=\"lazy\" decoding=\"async\" class=\"alignright wp-image-5348 size-medium\" src=\"https:\/\/amicsdelcarme.com\/wp-content\/uploads\/2021\/05\/reuni\u00f3-Amics-del-Carme-225x300.jpg\" alt=\"\" width=\"225\" height=\"300\" srcset=\"https:\/\/amicsdelcarme.com\/wp-content\/uploads\/2021\/05\/reuni\u00f3-Amics-del-Carme-225x300.jpg 225w, https:\/\/amicsdelcarme.com\/wp-content\/uploads\/2021\/05\/reuni\u00f3-Amics-del-Carme-768x1025.jpg 768w, https:\/\/amicsdelcarme.com\/wp-content\/uploads\/2021\/05\/reuni\u00f3-Amics-del-Carme-1151x1536.jpg 1151w, https:\/\/amicsdelcarme.com\/wp-content\/uploads\/2021\/05\/reuni\u00f3-Amics-del-Carme-1535x2048.jpg 1535w, https:\/\/amicsdelcarme.com\/wp-content\/uploads\/2021\/05\/reuni\u00f3-Amics-del-Carme.jpg 1698w\" sizes=\"auto, (max-width: 225px) 100vw, 225px\" \/><\/a><\/p>\n<p>Ciutat Vella necesita vecinos o se convertir\u00e1 irremediablemente en un centro comercial decorado con las ruinas de lo que un d\u00eda fue, si es que el Ayuntamiento no hace algo m\u00e1s que remozar plazas y aceras.<\/p>\n<h4 style=\"text-align: center;\"><span style=\"color: #003366;\"><strong>\u2013&nbsp; PLAN SOLAR 2021 \u2013<br><\/strong><strong style=\"font-size: 1.25em;\">PROPUESTAS AViC AMICS DEL CARME<\/strong><\/span><strong><br><\/strong><\/h4>\n<ul>\n<li><strong>Creaci\u00f3n de una oficina p\u00fablica de informaci\u00f3n, gesti\u00f3n urban\u00edstica y vivienda de Ciutat Vella<\/strong><\/li>\n<li><strong>Inclusi\u00f3n en el RMSER de los solares que lleven mas de dos a\u00f1os sin solicitar licencia de obras<\/strong><\/li>\n<li><strong>Promover alternativas para los solares que no puedan edificarse<\/strong><\/li>\n<li><strong>Creaci\u00f3n<\/strong><strong> del eRMSER. Portal web del registro de solares <\/strong>\n<ul>\n<li>Consulta de informaci\u00f3n administrativa: cronolog\u00eda de actuaciones realizadas y protocolo de actuaci\u00f3n (expropiaci\u00f3n, venta forzosa, etc.)<\/li>\n<li>Consulta de informaci\u00f3n t\u00e9cnica: Usos admitidos y compatibilidad urban\u00edstica. Volumetr\u00eda. Informe IEE (en su caso)<\/li>\n<\/ul>\n<\/li>\n<li><strong>Programa<\/strong><strong> de adjudicaci\u00f3n de suelo de Ciutat Vella para la construcci\u00f3n de vivienda de alquiler con precio limitado.<\/strong><\/li>\n<li><strong>Facilitar<\/strong><strong> las catas arqueol\u00f3gicas<\/strong><\/li>\n<li><strong>Fiscalidad:<\/strong>\n<ul>\n<li>Gravar viviendas vac\u00edas<\/li>\n<li>Gravar solares y requerir mantenimiento peri\u00f3dico en buen estado.<\/li>\n<li>Tasas reducidas en licencias y grav\u00e1menes<\/li>\n<\/ul>\n<\/li>\n<li><strong>Auditoria de la gesti\u00f3n<\/strong> administrativa en los tr\u00e1mites de la concesi\u00f3n de licencia y en la propia <strong>\u00c1rea de Urbanismo<\/strong> para innovar procedimientos y estructuras (actualmente 7.000 expedientes en cola)<\/li>\n<li><strong>Cumplimiento del PLAN de VIVIENDA 2018 \u2013 2021 en Ciutat Vella<\/strong><\/li>\n<li><strong>|\u00b7 <\/strong><strong>Medidas urgentes protecci\u00f3n vivienda<\/strong><\/li>\n<li><strong>Prohibir<\/strong><strong> el cambio de uso de residencial a terciario hotelero en Ciutat Vella (tanto sin son edificios como solares, problema PEP).<\/strong><\/li>\n<li>Prohibir el cambio de uso de residencial a terciario hotelero<\/li>\n<\/ul>\n<p>Son necesarias medidas urgentes para movilizar los huecos que hacen inhabitables numerosos rincones en los barrios de Velluters, Mercado, El Carmen, la Sede o Xerea.<\/p>\n<p><span style=\"color: #003366;\"><strong>Lo volvemos a decir: la mera aprobaci\u00f3n del PEP, por s\u00ed sola, no va a activar la actividad urban\u00edstica, se necesitan pol\u00edticas espec\u00edficas<\/strong><\/span><\/p>\n","protected":false},"excerpt":{"rendered":"<p>Estamos viendo como el PEP \u00a0(Pla Especial de Protecci\u00f3n de Ciutat Vella) por s\u00ed solo no frena la din\u00e1mica hotelera, es m\u00e1s, la invisibiliza. Tras la apariencia de proteger el car\u00e1cter residencial, en realidad deja no pocas puertas abiertas a que apartamentos tur\u00edsticos y hoteles sigan siendo lo \u00fanico que crece en Ciutat Vella.<\/p>\n","protected":false},"author":1,"featured_media":5333,"comment_status":"open","ping_status":"open","sticky":false,"template":"","format":"standard","meta":{"_acf_changed":false,"footnotes":""},"categories":[72,1],"tags":[],"class_list":["post-5339","post","type-post","status-publish","format-standard","has-post-thumbnail","hentry","category-actualitat-es","category-urbanismo"],"acf":[],"_links":{"self":[{"href":"https:\/\/amicsdelcarme.com\/es\/wp-json\/wp\/v2\/posts\/5339","targetHints":{"allow":["GET"]}}],"collection":[{"href":"https:\/\/amicsdelcarme.com\/es\/wp-json\/wp\/v2\/posts"}],"about":[{"href":"https:\/\/amicsdelcarme.com\/es\/wp-json\/wp\/v2\/types\/post"}],"author":[{"embeddable":true,"href":"https:\/\/amicsdelcarme.com\/es\/wp-json\/wp\/v2\/users\/1"}],"replies":[{"embeddable":true,"href":"https:\/\/amicsdelcarme.com\/es\/wp-json\/wp\/v2\/comments?post=5339"}],"version-history":[{"count":5,"href":"https:\/\/amicsdelcarme.com\/es\/wp-json\/wp\/v2\/posts\/5339\/revisions"}],"predecessor-version":[{"id":5359,"href":"https:\/\/amicsdelcarme.com\/es\/wp-json\/wp\/v2\/posts\/5339\/revisions\/5359"}],"wp:featuredmedia":[{"embeddable":true,"href":"https:\/\/amicsdelcarme.com\/es\/wp-json\/wp\/v2\/media\/5333"}],"wp:attachment":[{"href":"https:\/\/amicsdelcarme.com\/es\/wp-json\/wp\/v2\/media?parent=5339"}],"wp:term":[{"taxonomy":"category","embeddable":true,"href":"https:\/\/amicsdelcarme.com\/es\/wp-json\/wp\/v2\/categories?post=5339"},{"taxonomy":"post_tag","embeddable":true,"href":"https:\/\/amicsdelcarme.com\/es\/wp-json\/wp\/v2\/tags?post=5339"}],"curies":[{"name":"wp","href":"https:\/\/api.w.org\/{rel}","templated":true}]}}