{"id":5326,"date":"2021-05-21T17:47:08","date_gmt":"2021-05-21T15:47:08","guid":{"rendered":"https:\/\/amicsdelcarme.com\/?p=5326"},"modified":"2021-05-21T17:57:10","modified_gmt":"2021-05-21T15:57:10","slug":"que-restauren-los-palacios-de-los-exarch","status":"publish","type":"post","link":"https:\/\/amicsdelcarme.com\/es\/que-restauren-los-palacios-de-los-exarch\/","title":{"rendered":"\u00a1Que restauren los palacios de los Exarch!"},"content":{"rendered":"\n<h3>Los vecinos residentes y la asociaci\u00f3n Amics del Carmen apoya la restauraci\u00f3n de los Palacios de los Exarch<\/h3>\n<p>Vecindario, comerciantes y Amics del Carme apoyan la restauraci\u00f3n de los palacios y la construcci\u00f3n en los solares de su entorno. Todos, ayuntamiento y propietarios, deber\u00edan hacer todo lo posible para que este espacio de gran valor patrimonial se recupere lo m\u00e1s pronto posible para la ciudad.<\/p>\n<p>Estos d\u00edas leemos con asombro y temor que, seg\u00fan el arquitecto de la obra, ahora los palacios corren el riesgo de desprendimientos. Hay que recordar las numerosas denuncias del vecindario: fotograf\u00edas diarias durante un a\u00f1o de la extracci\u00f3n de escombros sin licencia de obra que d\u00e9 cuenta de lo que ocurre en su interior.<\/p>\n<p>Por lo tanto, <strong>si hay deficiencias estructurales<\/strong>, ha sido <strong>porque seguramente han realizado obras ilegales<\/strong>. En diferentes ocasiones la Polic\u00eda Auton\u00f3mica, el Ayuntamiento y la Consejer\u00eda de Cultura ha requerido al propietario entrar para hacer una inspecci\u00f3n t\u00e9cnica. Pero la propiedad no lo ha permitido. <strong>Es de lamentar que la empresa Lova-Tres no d\u00e9 ninguna facilidad para obtener la licencia de obra.<img loading=\"lazy\" decoding=\"async\" class=\"alignnone size-large wp-image-5316\" src=\"https:\/\/amicsdelcarme.com\/wp-content\/uploads\/2021\/05\/Imatge-2020-03-06--750x400.jpeg\" alt=\"\" width=\"750\" height=\"400\"><\/strong><\/p>\n<p><img loading=\"lazy\" decoding=\"async\" class=\"alignnone size-large wp-image-5318\" src=\"https:\/\/amicsdelcarme.com\/wp-content\/uploads\/2021\/05\/Imatge-2020-06-17-750x400.jpeg\" alt=\"\" width=\"750\" height=\"400\">As\u00ed pues, <strong>no es del todo cierto que haya demoras en la obtenci\u00f3n de la licencia de restauraci\u00f3n de los Palacios o, al menos, no todo es culpa del Ayuntamiento<\/strong>. Fueron adquiridos en el a\u00f1o 2000 y no es hasta 2017 que se present\u00f3 el proyecto.<\/p>\n<p>Aun as\u00ed, el problema de fondo de esta licencia es que contradice el proyecto original. Las 50 viviendas y el parking para residentes que deb\u00eda construirse, han desaparecido: el proyecto presentado a valoraci\u00f3n s\u00f3lo habla de hoteles y apartamentos tur\u00edsticos.<\/p>\n<p><strong>El proyecto, tal y como se ha presentado, no se ajusta<\/strong> a las condiciones actuales, ni a la normativa vigente, ni al convenio firmado entre el ayuntamiento y la propiedad. Por ello, el vecindario recomendar\u00eda al ayuntamiento una revisi\u00f3n detallada por el perjuicio que causar\u00eda al tejido social y comercial tradicional de Ciutat Vella el hecho de incrustar, no un hotel-boutique como se ha dicho alguna vez, sino un verdadero <strong>hotel-resort de 10.000 m<\/strong><strong>2<\/strong> en medio del Centro Hist\u00f3rico.<\/p>\n<p>La tortuosa tramitaci\u00f3n de este proyecto durante 15 a\u00f1os, se ve ensombrecida precisamente ahora con la judicializaci\u00f3n que planea sobre el \u00c1rea de Urbanismo del Ayuntamiento de Valencia. Se desconoce a\u00fan hasta d\u00f3nde llegar\u00e1n las investigaciones pero los actores eran los mismos, estaban ah\u00ed en alg\u00fan momento de la larga tramitaci\u00f3n de la UE4.<\/p>\n<p>Los terribles a\u00f1os para el patrimonio urban\u00edstico de Ciutat Vella se vivieron durante el mandato de Rita Barber\u00e1 como alcaldesa (1995-2015): se derribaron edificios en perfecto estado del per\u00edmetro de la UE4, se compraron los palacios de los Exarch por la familia de Juli\u00e1n L\u00f3pez y se modific\u00f3 dos veces el proyecto (2008 y 2012).<\/p>\n<p>Pero fue cuando Alfonso Grau era vicealcalde (2011-2015), que se modificaron las normas urban\u00edsticas (PEPRI) para adaptarlas al proyecto presentado por el propietario de los solares. Esta desprotecci\u00f3n del Patrimonio Cultural catalogado como BIC no hizo saltar ninguna alarma en el PP cuando gobernaba ni al PSPV en la oposici\u00f3n.<\/p>\n<p>La asociaci\u00f3n de vecinos y comerciantes Amics del Carme recuerda que <strong>la denuncia al proyecto de la UE4 y los solares anexos a los palacios de los Exarch, se realiz\u00f3 en 2017 <\/strong>junto a OTRAS ENTIDADES vecinales: la asociaci\u00f3n de vecinos del Mercado \u00abla Boatella\u00bb , la asociaci\u00f3n de vecinos de Velluters \u00abel Palleter\u00bb, la asociaci\u00f3n de vecinos del Barrio del Carmen y la Coordinadora de Asociaciones de Ciutat Vella. Adem\u00e1s, hay tres informes de entidades consultivas de la Generalitat Valenciana en materia de Patrimonio Cultural que evidencian que el proyecto destruye patrimonio catalogado como BIC.<\/p>\n<p>A todos nos gustar\u00eda ver los Palacios de los Exarch restaurados, y los solares contiguos con viviendas para vecinas y vecinos, tal y como era el proyecto original antes de enmara\u00f1arse. Pero las recientes declaraciones de la empresa promotora Lova-Tres, aprovechando las obras de la plaza de Brujas y la ocupaci\u00f3n de los solares, parecen m\u00e1s orientadas a intimidar al Ayuntamiento que a resolver los puntos negros de un proyecto que insiste en la turistificaci\u00f3n del barrio en lugar de recuperar vecindario, patrimonio, comercio de proximidad y hacer m\u00e1s habitable Ciutat Vella.<\/p>\n","protected":false},"excerpt":{"rendered":"<p>Estos d\u00edas leemos con asombro y temor que, seg\u00fan el arquitecto de la obra, ahora los palacios corren el riesgo de desprendimientos. Hay que recordar las numerosas denuncias del vecindario: fotograf\u00edas diarias durante un a\u00f1o de la extracci\u00f3n de escombros sin licencia de obra que d\u00e9 cuenta de lo que ocurre en su interior.<\/p>\n","protected":false},"author":1,"featured_media":5312,"comment_status":"open","ping_status":"open","sticky":false,"template":"","format":"standard","meta":{"_acf_changed":false,"footnotes":""},"categories":[72,1],"tags":[],"class_list":["post-5326","post","type-post","status-publish","format-standard","has-post-thumbnail","hentry","category-actualitat-es","category-urbanismo"],"acf":[],"_links":{"self":[{"href":"https:\/\/amicsdelcarme.com\/es\/wp-json\/wp\/v2\/posts\/5326","targetHints":{"allow":["GET"]}}],"collection":[{"href":"https:\/\/amicsdelcarme.com\/es\/wp-json\/wp\/v2\/posts"}],"about":[{"href":"https:\/\/amicsdelcarme.com\/es\/wp-json\/wp\/v2\/types\/post"}],"author":[{"embeddable":true,"href":"https:\/\/amicsdelcarme.com\/es\/wp-json\/wp\/v2\/users\/1"}],"replies":[{"embeddable":true,"href":"https:\/\/amicsdelcarme.com\/es\/wp-json\/wp\/v2\/comments?post=5326"}],"version-history":[{"count":2,"href":"https:\/\/amicsdelcarme.com\/es\/wp-json\/wp\/v2\/posts\/5326\/revisions"}],"predecessor-version":[{"id":5328,"href":"https:\/\/amicsdelcarme.com\/es\/wp-json\/wp\/v2\/posts\/5326\/revisions\/5328"}],"wp:featuredmedia":[{"embeddable":true,"href":"https:\/\/amicsdelcarme.com\/es\/wp-json\/wp\/v2\/media\/5312"}],"wp:attachment":[{"href":"https:\/\/amicsdelcarme.com\/es\/wp-json\/wp\/v2\/media?parent=5326"}],"wp:term":[{"taxonomy":"category","embeddable":true,"href":"https:\/\/amicsdelcarme.com\/es\/wp-json\/wp\/v2\/categories?post=5326"},{"taxonomy":"post_tag","embeddable":true,"href":"https:\/\/amicsdelcarme.com\/es\/wp-json\/wp\/v2\/tags?post=5326"}],"curies":[{"name":"wp","href":"https:\/\/api.w.org\/{rel}","templated":true}]}}