{"id":5287,"date":"2021-05-01T09:39:58","date_gmt":"2021-05-01T07:39:58","guid":{"rendered":"https:\/\/amicsdelcarme.com\/?p=5287"},"modified":"2021-05-02T23:58:13","modified_gmt":"2021-05-02T21:58:13","slug":"velluters-en-llamas","status":"publish","type":"post","link":"https:\/\/amicsdelcarme.com\/es\/velluters-en-llamas\/","title":{"rendered":"Velluters en llamas"},"content":{"rendered":"\n<h3><strong>Un incendio previsible que se podr\u00eda haber evitado<\/strong><\/h3>\n<p>En Velluters tenemos nuestra particular #ZONA0 a pocos metros del Mercado Central, La Lonja y la iglesia de Santos Juanes. Una zona delimitada por cuatro calles donde podemos contar tres solares reci\u00e9n incluidos en el RMSER (c\/Viana), un solar p\u00fablico (Pl\u00e7. La Botxa), otro macrosolar en la misma puerta del colegio Escolapios, donde como piezas de domin\u00f3 cada a\u00f1o cae un nuevo edificio, dos solares mas, resultado de rehabilitaciones no sabemos si paradas o fallidas (c\/Triador y c\/ Torno del Hospital) y dos fincas enteras vac\u00edas (c\/Viana). En suma, un campo abonado para las desgracias.<\/p>\n<p>El incendio de anoche en la calle editor Manuel Aguilar ocurri\u00f3 a las puertas de esta #ZONA0, en su tiempo un precioso edificio modernista construido en 1920 y abandonado desde hace a\u00f1os. Uno m\u00e1s, como tantos otros de Velluters con fincas ocupadas o con solares sin mantenimiento, limpieza y control como los de Pintor Domingo, Murillo, La Carda, En Bany, Balmes, Maldonado, Sant Antoni, Guillem Sorolla, Roger de Flor, Editor Cabrerizo, Palomar, Lope de Rueda, Presseguer, Bisbessa. el super solar Princesa, etc, etc, etc, as\u00ed hasta llegar al medio centenar solo en Velluters)\u2026<\/p>\n<p>Un incendio casual? Polic\u00eda cient\u00edfica y bomberos dir\u00e1n, pero previsible, porque entre tanto y tanto abandono no es extra\u00f1o que pasen estas cosas.<\/p>\n<p>Pero dig\u00e1moslo claramente, los vecinos de Velluters nos sentimos abandonados a nuestra suerte, nos sentimos carne de ca\u00f1\u00f3n para la especulaci\u00f3n, listos y degradados a la espera del mejor postor.<\/p>\n<p>Podr\u00edamos ser un barrio donde pasear fuera un lujo, una inmersi\u00f3n en la historia de la ciudad con edificios emblem\u00e1ticos como el que anoche se quem\u00f3 que se ha dejado deteriorar durante d\u00e9cadas y que ya dif\u00edcilmente podremos rescatar.<\/p>\n<p>En Velluters, queremos ser un barrio de residentes, lleno de vida en plazas y parques, lleno de gente recorriendo sus calles para pasear, para comprar o para visitar el taller artesano de la esquina, pero todo esto no ser\u00e1 posible si el Ayuntamiento, y en concreto el Servicio de Urbanismo, no hacen algo m\u00e1s que apagar fuegos. <img loading=\"lazy\" decoding=\"async\" class=\"alignnone size-large wp-image-5292\" src=\"https:\/\/amicsdelcarme.com\/wp-content\/uploads\/2021\/05\/2021-04-29-at-22.05.06-750x400.jpeg\" alt=\"\" width=\"750\" height=\"400\"><\/p>\n","protected":false},"excerpt":{"rendered":"<p>Los vecinos de Velluters nos sentimos abandonados a nuestra suerte, nos sentimos carne de ca\u00f1\u00f3n para la especulaci\u00f3n, listos y degradados a la espera del mejor postor<\/p>\n","protected":false},"author":1,"featured_media":5282,"comment_status":"open","ping_status":"open","sticky":false,"template":"","format":"standard","meta":{"_acf_changed":false,"footnotes":""},"categories":[92,90,1],"tags":[],"class_list":["post-5287","post","type-post","status-publish","format-standard","has-post-thumbnail","hentry","category-cultura-patrimonio","category-espacio-publico","category-urbanismo"],"acf":[],"_links":{"self":[{"href":"https:\/\/amicsdelcarme.com\/es\/wp-json\/wp\/v2\/posts\/5287","targetHints":{"allow":["GET"]}}],"collection":[{"href":"https:\/\/amicsdelcarme.com\/es\/wp-json\/wp\/v2\/posts"}],"about":[{"href":"https:\/\/amicsdelcarme.com\/es\/wp-json\/wp\/v2\/types\/post"}],"author":[{"embeddable":true,"href":"https:\/\/amicsdelcarme.com\/es\/wp-json\/wp\/v2\/users\/1"}],"replies":[{"embeddable":true,"href":"https:\/\/amicsdelcarme.com\/es\/wp-json\/wp\/v2\/comments?post=5287"}],"version-history":[{"count":4,"href":"https:\/\/amicsdelcarme.com\/es\/wp-json\/wp\/v2\/posts\/5287\/revisions"}],"predecessor-version":[{"id":5297,"href":"https:\/\/amicsdelcarme.com\/es\/wp-json\/wp\/v2\/posts\/5287\/revisions\/5297"}],"wp:featuredmedia":[{"embeddable":true,"href":"https:\/\/amicsdelcarme.com\/es\/wp-json\/wp\/v2\/media\/5282"}],"wp:attachment":[{"href":"https:\/\/amicsdelcarme.com\/es\/wp-json\/wp\/v2\/media?parent=5287"}],"wp:term":[{"taxonomy":"category","embeddable":true,"href":"https:\/\/amicsdelcarme.com\/es\/wp-json\/wp\/v2\/categories?post=5287"},{"taxonomy":"post_tag","embeddable":true,"href":"https:\/\/amicsdelcarme.com\/es\/wp-json\/wp\/v2\/tags?post=5287"}],"curies":[{"name":"wp","href":"https:\/\/api.w.org\/{rel}","templated":true}]}}