{"id":5251,"date":"2021-04-15T20:14:58","date_gmt":"2021-04-15T18:14:58","guid":{"rendered":"https:\/\/amicsdelcarme.com\/?p=5251"},"modified":"2021-04-19T20:53:21","modified_gmt":"2021-04-19T18:53:21","slug":"aumentar-la-oferta-de-vivienda-clave-en-la-recuperacion-residencial-de-los-barrios-de-ciutat-vella","status":"publish","type":"post","link":"https:\/\/amicsdelcarme.com\/es\/aumentar-la-oferta-de-vivienda-clave-en-la-recuperacion-residencial-de-los-barrios-de-ciutat-vella\/","title":{"rendered":"Aumentar la oferta de vivienda clave en la recuperaci\u00f3n residencial de los barrios de Ciutat Vella"},"content":{"rendered":"\n<p><br>Por ello, adem\u00e1s de denunciar la actividad ilegal de las viviendas que se usan como apartamentos tur\u00edsticos y la pasividad de la administraci\u00f3n para hacer frente al tsunami hotelero, hemos acordado promover las medidas que os resumimos para movilizar los numeros\u00edsimos solares y casas en ruinas que como un mal end\u00e9mico, pero no inevitable, degradan numerosos rincones de Ciutat Vella.<\/p>\n<p>Los solares son espacios vac\u00edos donde antes hab\u00eda una casa a la espera de proyectos urban\u00edsticos. Transformar estos espacios vac\u00edos (nada menos que 44.134 m<sup>2<\/sup>) en viviendas para nuevos vecinos y vecinas deber\u00eda ser una prioridad para el gobierno municipal.<\/p>\n<p>Queremos saber qu\u00e9 se est\u00e1 haciendo, queremos saber si se pueden hacer m\u00e1s y, sobre todo, queremos ver cumplidos los compromisos de promoci\u00f3n de vivienda p\u00fablica anunciados para 2021.<\/p>\n<p>Ciutat Vella necesita vecinas y vecinos y la vivienda es la clave para frenar la galopante y silenciosa terciarizaci\u00f3n que invade el centro hist\u00f3rico y que amenaza con transformarlo en un decorado tur\u00edstico-administrativo.<\/p>\n<p><span style=\"color: #003366;\"><strong><img loading=\"lazy\" decoding=\"async\" class=\"wp-image-5245 size-medium alignleft\" src=\"https:\/\/amicsdelcarme.com\/wp-content\/uploads\/2021\/04\/0_DSC00893-300x292.jpg\" alt=\"\" width=\"300\" height=\"292\" srcset=\"https:\/\/amicsdelcarme.com\/wp-content\/uploads\/2021\/04\/0_DSC00893-300x292.jpg 300w, https:\/\/amicsdelcarme.com\/wp-content\/uploads\/2021\/04\/0_DSC00893-768x747.jpg 768w, https:\/\/amicsdelcarme.com\/wp-content\/uploads\/2021\/04\/0_DSC00893-1536x1495.jpg 1536w, https:\/\/amicsdelcarme.com\/wp-content\/uploads\/2021\/04\/0_DSC00893-2048x1993.jpg 2048w\" sizes=\"auto, (max-width: 300px) 100vw, 300px\" \/>La mera aprobaci\u00f3n del PEP, por si sola, no va a activar la actividad urban\u00edstica en Ciutat Vella, se echan en falta pol\u00edticas espec\u00edficas. Son necesarias medidas urgentes para movilizar los vac\u00edos que hacen inhabitables numerosos rincones en los barrios de Velluters, Mercat, El Carme, La Seu o Xerea.<\/strong><\/span><\/p>\n<p>Estas son nuestras propuestas, y nos gustar\u00eda saber qu\u00e9 piensan en el Ayuntamiento, pero tambi\u00e9n en la Conseller\u00eda de Vivienda, que tiene un buen pu\u00f1ado de solares y casa en ruinas en estado de semiabandono.<\/p>\n<hr>\n<h3><strong><span style=\"color: #003366;\">PLAN SOLAR<br><\/span><\/strong><strong><span style=\"color: #003366;\">LAS PROPUESTAS AViC AMICS DEL CARME<\/span><\/strong><\/h3>\n<ul>\n<li><strong>Creaci\u00f3n de una oficina p\u00fablica de informaci\u00f3n, gesti\u00f3n urban\u00edstica y vivienda de Ciutat Vella<\/strong><\/li>\n<li><strong>Inclusi\u00f3n en el RMSER de los solares que lleven mas de dos a\u00f1os sin solicitar licencia de obras<\/strong><\/li>\n<li><strong>Promover alternativas para los solares que no puedan edificarse<\/strong><\/li>\n<li><strong>Creaci\u00f3n<\/strong><strong> del eRMSER. Portal web del registro de solares <\/strong>\n<ul>\n<li>Consulta de informaci\u00f3n administrativa: cronolog\u00eda de actuaciones realizadas y protocolo de actuaci\u00f3n (expropiaci\u00f3n, venta forzosa, etc.)<\/li>\n<li>Consulta de informaci\u00f3n t\u00e9cnica: Usos admitidos y compatibilidad urban\u00edstica. Volumetr\u00eda. Informe IEE (en su caso)<\/li>\n<\/ul>\n<\/li>\n<li><strong>Programa<\/strong><strong> de adjudicaci\u00f3n de suelo p\u00fablico de Ciutat Vella para la construcci\u00f3n de vivienda de alquiler con precio limitado.<\/strong><\/li>\n<li><strong>Facilitar<\/strong><strong> las intervenciones arqueol\u00f3gicas <br><\/strong>&#8211; Agilizar los permisos. <br>&#8211; Subvencionar a los promotores para que la construcci\u00f3n en esta zona no sea m\u00e1s gravosa por causa de un bien com\u00fan.<\/li>\n<li><strong>Fiscalidad:<\/strong>\n<ul>\n<li>Gravar viviendas vac\u00edas<\/li>\n<li>Gravar solares y requerir mantenimiento peri\u00f3dico en buen estado.<\/li>\n<li>Tasas reducidas en licencias y grav\u00e1menes<\/li>\n<\/ul>\n<\/li>\n<li><strong>Auditoria de la gesti\u00f3n<\/strong> administrativa en los tr\u00e1mites de la concesi\u00f3n de licencia y en la propia <strong>\u00c1rea de Urbanismo<\/strong> para innovar procedimientos y estructuras (actualmente 7.000 expedientes en cola)<\/li>\n<li><strong>Cumplimiento del PLAN de VIVIENDA 2018 \u2013 2021 en Ciutat Vella<\/strong><\/li>\n<\/ul>\n<p><span style=\"color: #003366;\"><strong>&nbsp; &nbsp; \u00b7|\u00b7 <\/strong><strong>Medidas urgentes protecci\u00f3n vivienda<\/strong><\/span><\/p>\n<ul>\n<li><strong>Prohibir<\/strong><strong> el cambio de uso de residencial a terciario hotelero en Ciutat Vella (tanto sin son edificios como solares).<\/strong><\/li>\n<li>Plan de inspecci\u00f3n de viviendas de uso tur\u00edstico ilegales.<\/li>\n<\/ul>\n<p><img loading=\"lazy\" decoding=\"async\" class=\"alignnone size-large wp-image-5240\" src=\"https:\/\/amicsdelcarme.com\/wp-content\/uploads\/2021\/04\/0_DSC00772-750x400.jpg\" alt=\"\" width=\"750\" height=\"400\"><\/p>\n","protected":false},"excerpt":{"rendered":"<p>Los solares son espacios vac\u00edos donde antes hab\u00eda una casa a la espera de proyectos urban\u00edsticos. Transformar estos espacios vac\u00edos (nada menos que 44.134 m2) en viviendas para nuevos vecinos y vecinas deber\u00eda ser una prioridad para el gobierno municipal.<\/p>\n","protected":false},"author":1,"featured_media":5239,"comment_status":"open","ping_status":"open","sticky":false,"template":"","format":"standard","meta":{"_acf_changed":false,"footnotes":""},"categories":[72,1],"tags":[],"class_list":["post-5251","post","type-post","status-publish","format-standard","has-post-thumbnail","hentry","category-actualitat-es","category-urbanismo"],"acf":[],"_links":{"self":[{"href":"https:\/\/amicsdelcarme.com\/es\/wp-json\/wp\/v2\/posts\/5251","targetHints":{"allow":["GET"]}}],"collection":[{"href":"https:\/\/amicsdelcarme.com\/es\/wp-json\/wp\/v2\/posts"}],"about":[{"href":"https:\/\/amicsdelcarme.com\/es\/wp-json\/wp\/v2\/types\/post"}],"author":[{"embeddable":true,"href":"https:\/\/amicsdelcarme.com\/es\/wp-json\/wp\/v2\/users\/1"}],"replies":[{"embeddable":true,"href":"https:\/\/amicsdelcarme.com\/es\/wp-json\/wp\/v2\/comments?post=5251"}],"version-history":[{"count":4,"href":"https:\/\/amicsdelcarme.com\/es\/wp-json\/wp\/v2\/posts\/5251\/revisions"}],"predecessor-version":[{"id":5273,"href":"https:\/\/amicsdelcarme.com\/es\/wp-json\/wp\/v2\/posts\/5251\/revisions\/5273"}],"wp:featuredmedia":[{"embeddable":true,"href":"https:\/\/amicsdelcarme.com\/es\/wp-json\/wp\/v2\/media\/5239"}],"wp:attachment":[{"href":"https:\/\/amicsdelcarme.com\/es\/wp-json\/wp\/v2\/media?parent=5251"}],"wp:term":[{"taxonomy":"category","embeddable":true,"href":"https:\/\/amicsdelcarme.com\/es\/wp-json\/wp\/v2\/categories?post=5251"},{"taxonomy":"post_tag","embeddable":true,"href":"https:\/\/amicsdelcarme.com\/es\/wp-json\/wp\/v2\/tags?post=5251"}],"curies":[{"name":"wp","href":"https:\/\/api.w.org\/{rel}","templated":true}]}}